{"id":91376,"date":"2014-02-28T15:17:39","date_gmt":"2014-02-28T15:17:39","guid":{"rendered":"http:\/\/beira.pt\/?p=91376"},"modified":"2019-05-10T14:53:38","modified_gmt":"2019-05-10T14:53:38","slug":"camara-municipal-de-celorico-da-beira","status":"publish","type":"post","link":"https:\/\/beira.pt\/diretorio\/camara-municipal-de-celorico-da-beira\/","title":{"rendered":"C\u00e2mara Municipal de Celorico da Beira"},"content":{"rendered":"<p>Freguesias do munic\u00edpio de Celorico da Beira:<\/p>\n<p>Uni\u00e3o de Freguesias de A\u00e7ores e Velosa<br \/>\nBara\u00e7al<br \/>\nCarrapichana<br \/>\nCasas do Soeiro<br \/>\nUni\u00e3o de Freguesias de Celorico da Beira (S\u00e3o Pedro e Santa Maria) e Vila Boa do Mondego<br \/>\nUni\u00e3o de Freguesias de Corti\u00e7o da Serra, Vide-Entre-Vinhas e Salgueirais<br \/>\nFornotelheiro<br \/>\nLajeosa do Mondego<br \/>\nLinhares da Beira<br \/>\nMa\u00e7al do Ch\u00e3o<br \/>\nMesquitela<br \/>\nMinhocal<br \/>\nPrados<br \/>\nUni\u00e3o de Freguesias de Rapa e Cadafaz<\/p>\n<p>&nbsp;<\/p>\n","protected":false},"excerpt":{"rendered":"<p>Freguesias do munic\u00edpio de Celorico da Beira: Uni\u00e3o de Freguesias de A\u00e7ores e Velosa Bara\u00e7al Carrapichana Casas do Soeiro Uni\u00e3o de Freguesias de Celorico da Beira (S\u00e3o Pedro e Santa Maria) e Vila Boa do Mondego Uni\u00e3o de Freguesias de Corti\u00e7o da Serra, Vide-Entre-Vinhas e Salgueirais Fornotelheiro Lajeosa do Mondego Linhares da Beira Ma\u00e7al do [&hellip;]<\/p>\n","protected":false},"author":6,"featured_media":127615,"comment_status":"closed","ping_status":"closed","sticky":false,"template":"","format":"standard","meta":{"_acf_changed":false,"advanced_seo_description":"","jetpack_seo_html_title":"","jetpack_seo_noindex":false,"footnotes":""},"categories":[168,169],"tags":[11821,12005,8769,1296],"concelhos":[19,17],"class_list":["post-91376","post","type-post","status-publish","format-standard","has-post-thumbnail","hentry","category-entidades-publicas","category-municipios","tag-beiras-e-serra-da-estrela","tag-camara-municipal-de-celorico-da-beira","tag-cimbse","tag-municipio","concelhos-celorico-da-beira","concelhos-distrito-da-guarda"],"better_featured_image":{"id":127615,"alt_text":"","caption":"","description":"","media_type":"image","media_details":{"width":960,"height":960,"file":"2014\/02\/logocelorico.png","sizes":{"medium":{"file":"logocelorico-300x300.png","width":300,"height":300,"mime-type":"image\/png","source_url":"https:\/\/beira.pt\/diretorio\/wp-content\/uploads\/sites\/14\/2014\/02\/logocelorico-300x300.png"},"thumbnail":{"file":"logocelorico-80x80.png","width":80,"height":80,"mime-type":"image\/png","source_url":"https:\/\/beira.pt\/diretorio\/wp-content\/uploads\/sites\/14\/2014\/02\/logocelorico-80x80.png"},"medium_large":{"file":"logocelorico-768x768.png","width":768,"height":768,"mime-type":"image\/png","source_url":"https:\/\/beira.pt\/diretorio\/wp-content\/uploads\/sites\/14\/2014\/02\/logocelorico-768x768.png"},"imgx360x185":{"file":"logocelorico-360x185.png","width":360,"height":185,"mime-type":"image\/png","source_url":"https:\/\/beira.pt\/diretorio\/wp-content\/uploads\/sites\/14\/2014\/02\/logocelorico-360x185.png"},"imgx750x400":{"file":"logocelorico-750x400.png","width":750,"height":400,"mime-type":"image\/png","source_url":"https:\/\/beira.pt\/diretorio\/wp-content\/uploads\/sites\/14\/2014\/02\/logocelorico-750x400.png"},"imgx1170x400":{"file":"logocelorico-1170x400.png","width":1170,"height":400,"mime-type":"image\/png","source_url":"https:\/\/beira.pt\/diretorio\/wp-content\/uploads\/sites\/14\/2014\/02\/logocelorico-1170x400.png"},"argtdyu":{"file":"logocelorico-515x418.png","width":515,"height":418,"mime-type":"image\/png","source_url":"https:\/\/beira.pt\/diretorio\/wp-content\/uploads\/sites\/14\/2014\/02\/logocelorico-515x418.png"},"rhtoskt":{"file":"logocelorico-515x237.png","width":515,"height":237,"mime-type":"image\/png","source_url":"https:\/\/beira.pt\/diretorio\/wp-content\/uploads\/sites\/14\/2014\/02\/logocelorico-515x237.png"},"urlsouc":{"file":"logocelorico-253x171.png","width":253,"height":171,"mime-type":"image\/png","source_url":"https:\/\/beira.pt\/diretorio\/wp-content\/uploads\/sites\/14\/2014\/02\/logocelorico-253x171.png"},"facbook":{"file":"logocelorico-476x249.png","width":476,"height":249,"mime-type":"image\/png","source_url":"https:\/\/beira.pt\/diretorio\/wp-content\/uploads\/sites\/14\/2014\/02\/logocelorico-476x249.png"}},"image_meta":{"aperture":"0","credit":"","camera":"","caption":"","created_timestamp":"0","copyright":"","focal_length":"0","iso":"0","shutter_speed":"0","title":"","orientation":"0","keywords":[]}},"post":91376,"source_url":"https:\/\/beira.pt\/diretorio\/wp-content\/uploads\/sites\/14\/2014\/02\/logocelorico.png"},"acf":{"destacar_na_pagina_principal":"homeo","apresentacao_resumida":"","apresentacao_detalhada":"","envolvencia":"","morada":"Rua Sacadura Cabral, N\u00ba39","codigo_postal":"6360-350","localidade":"Celorico da Beira, Portugal","telefone":"(+351) 271 747 400","telemovel":"","email":"geral@cm-celoricodabeira.pt","website":"https:\/\/www.cm-celoricodabeira.pt\/","plataforma_de_reservas":"","coordenadas":{"address":"Rua Sacadura Cabral, 6360-350 Celorico da Beira","lat":40.6359369,"lng":-7.392373300000031},"latitude":"","longitude":"","logotipo_da_empresa":null,"galeria_de_fotografias":[125435,91379],"facebook":"https:\/\/www.facebook.com\/municipiocelorico.dabeira?fref=ts","twitter":"","linkedin":"","pinterest":"","instagram":"","youtube":"","horarios":"","periodo_de_ferias":"","outras_informacoes":"","caracteristicas_do_espaco":"","capacidade":"","preco_medio_por_refeicao":"","tipos_de_cozinha":"","ementa":"","n_de_quartos":"","preco_medio_por_noite":"","check_in":"","check_out":"","reservar_no_booking":"","produtos":null,"produto_lider":"nao","identificacao_do_produto_lider":null,"paises_de_exportacao":"","data_de_constituicao_da_empresa":null,"cae":"","setor_de_atividade":"","sub_setor_de_atividade":"","rnal":"","numero_de_contribuinte":506849635,"numero_de_seguranca_social":"","forma_juridica":"Empres\u00e1rio em nome individual","numero_de_trabalhadores":"","responsavel":"","contacto_telefonico":"","capital_social":"","volume_de_vendas":"","mercados_onde_exerce_atividades":"","tipo_de_clientes":""},"jetpack_featured_media_url":"https:\/\/beira.pt\/diretorio\/wp-content\/uploads\/sites\/14\/2014\/02\/logocelorico.png","_links":{"self":[{"href":"https:\/\/beira.pt\/diretorio\/wp-json\/wp\/v2\/posts\/91376","targetHints":{"allow":["GET"]}}],"collection":[{"href":"https:\/\/beira.pt\/diretorio\/wp-json\/wp\/v2\/posts"}],"about":[{"href":"https:\/\/beira.pt\/diretorio\/wp-json\/wp\/v2\/types\/post"}],"author":[{"embeddable":true,"href":"https:\/\/beira.pt\/diretorio\/wp-json\/wp\/v2\/users\/6"}],"replies":[{"embeddable":true,"href":"https:\/\/beira.pt\/diretorio\/wp-json\/wp\/v2\/comments?post=91376"}],"version-history":[{"count":5,"href":"https:\/\/beira.pt\/diretorio\/wp-json\/wp\/v2\/posts\/91376\/revisions"}],"predecessor-version":[{"id":127616,"href":"https:\/\/beira.pt\/diretorio\/wp-json\/wp\/v2\/posts\/91376\/revisions\/127616"}],"acf:attachment":[{"embeddable":true,"href":"https:\/\/beira.pt\/diretorio\/wp-json\/wp\/v2\/media\/91379"},{"embeddable":true,"href":"https:\/\/beira.pt\/diretorio\/wp-json\/wp\/v2\/media\/125435"}],"wp:featuredmedia":[{"embeddable":true,"href":"https:\/\/beira.pt\/diretorio\/wp-json\/wp\/v2\/media\/127615"}],"wp:attachment":[{"href":"https:\/\/beira.pt\/diretorio\/wp-json\/wp\/v2\/media?parent=91376"}],"wp:term":[{"taxonomy":"category","embeddable":true,"href":"https:\/\/beira.pt\/diretorio\/wp-json\/wp\/v2\/categories?post=91376"},{"taxonomy":"post_tag","embeddable":true,"href":"https:\/\/beira.pt\/diretorio\/wp-json\/wp\/v2\/tags?post=91376"},{"taxonomy":"concelhos","embeddable":true,"href":"https:\/\/beira.pt\/diretorio\/wp-json\/wp\/v2\/concelhos?post=91376"}],"curies":[{"name":"wp","href":"https:\/\/api.w.org\/{rel}","templated":true}]}}