{"id":90632,"date":"2014-02-05T11:19:25","date_gmt":"2014-02-05T11:19:25","guid":{"rendered":"http:\/\/beira.pt\/?p=90632"},"modified":"2014-02-05T11:19:25","modified_gmt":"2014-02-05T11:19:25","slug":"museu-do-azeite-lagar-de-belmonte","status":"publish","type":"post","link":"https:\/\/beira.pt\/diretorio\/museu-do-azeite-lagar-de-belmonte\/","title":{"rendered":"Museu do Azeite Lagar de Belmonte"},"content":{"rendered":"<p>Tipologia: Museus de Hist\u00f3ria e Arqueologia (inclu\u00edndo Arqueologia Industrial)<\/p>\n","protected":false},"excerpt":{"rendered":"<p>\u00abNo Museu do Azeite \u00e9 poss\u00edvel observar maquinaria do s\u00e9culo XIX, referente \u00e0 transforma\u00e7\u00e3o da azeitona. Pode-se tamb\u00e9m adquirir v\u00e1rios tipos de azeites da regi\u00e3o.\u00bb<\/p>\n","protected":false},"author":6,"featured_media":90633,"comment_status":"closed","ping_status":"closed","sticky":false,"template":"","format":"standard","meta":{"_acf_changed":false,"advanced_seo_description":"","jetpack_seo_html_title":"","jetpack_seo_noindex":false,"footnotes":""},"categories":[114,140],"tags":[],"concelhos":[32,31],"class_list":["post-90632","post","type-post","status-publish","format-standard","has-post-thumbnail","hentry","category-arte-e-cultura","category-museus","concelhos-belmonte","concelhos-distrito-de-castelo-branco"],"better_featured_image":{"id":90633,"alt_text":"Belmonte - museu do azeite","caption":"Fonte: gloriaishizaka.blogspot.com","description":"","media_type":"image","media_details":{"width":510,"height":341,"file":"2014\/02\/Belmonte-museu-do-azeite-3_thumb2.jpg","sizes":{"medium":{"file":"Belmonte-museu-do-azeite-3_thumb2-300x201.jpg","width":300,"height":201,"mime-type":"image\/jpeg","source_url":"https:\/\/beira.pt\/diretorio\/wp-content\/uploads\/sites\/14\/2014\/02\/Belmonte-museu-do-azeite-3_thumb2-300x201.jpg"},"thumbnail":{"file":"Belmonte-museu-do-azeite-3_thumb2-80x80.jpg","width":80,"height":80,"mime-type":"image\/jpeg","source_url":"https:\/\/beira.pt\/diretorio\/wp-content\/uploads\/sites\/14\/2014\/02\/Belmonte-museu-do-azeite-3_thumb2-80x80.jpg"},"imgx360x185":{"file":"Belmonte-museu-do-azeite-3_thumb2-360x185.jpg","width":360,"height":185,"mime-type":"image\/jpeg","source_url":"https:\/\/beira.pt\/diretorio\/wp-content\/uploads\/sites\/14\/2014\/02\/Belmonte-museu-do-azeite-3_thumb2-360x185.jpg"},"imgx750x400":{"file":"Belmonte-museu-do-azeite-3_thumb2-750x400.jpg","width":750,"height":400,"mime-type":"image\/jpeg","source_url":"https:\/\/beira.pt\/diretorio\/wp-content\/uploads\/sites\/14\/2014\/02\/Belmonte-museu-do-azeite-3_thumb2-750x400.jpg"},"imgx1170x400":{"file":"Belmonte-museu-do-azeite-3_thumb2-1170x400.jpg","width":1170,"height":400,"mime-type":"image\/jpeg","source_url":"https:\/\/beira.pt\/diretorio\/wp-content\/uploads\/sites\/14\/2014\/02\/Belmonte-museu-do-azeite-3_thumb2-1170x400.jpg"},"argtdyu":{"file":"Belmonte-museu-do-azeite-3_thumb2-515x418.jpg","width":515,"height":418,"mime-type":"image\/jpeg","source_url":"https:\/\/beira.pt\/diretorio\/wp-content\/uploads\/sites\/14\/2014\/02\/Belmonte-museu-do-azeite-3_thumb2-515x418.jpg"},"rhtoskt":{"file":"Belmonte-museu-do-azeite-3_thumb2-515x237.jpg","width":515,"height":237,"mime-type":"image\/jpeg","source_url":"https:\/\/beira.pt\/diretorio\/wp-content\/uploads\/sites\/14\/2014\/02\/Belmonte-museu-do-azeite-3_thumb2-515x237.jpg"},"urlsouc":{"file":"Belmonte-museu-do-azeite-3_thumb2-253x171.jpg","width":253,"height":171,"mime-type":"image\/jpeg","source_url":"https:\/\/beira.pt\/diretorio\/wp-content\/uploads\/sites\/14\/2014\/02\/Belmonte-museu-do-azeite-3_thumb2-253x171.jpg"},"facbook":{"file":"Belmonte-museu-do-azeite-3_thumb2-476x249.jpg","width":476,"height":249,"mime-type":"image\/jpeg","source_url":"https:\/\/beira.pt\/diretorio\/wp-content\/uploads\/sites\/14\/2014\/02\/Belmonte-museu-do-azeite-3_thumb2-476x249.jpg"}},"image_meta":{"aperture":"0","credit":"","camera":"","caption":"","created_timestamp":"0","copyright":"","focal_length":"0","iso":"0","shutter_speed":"0","title":"","orientation":"0","keywords":[]}},"post":90632,"source_url":"https:\/\/beira.pt\/diretorio\/wp-content\/uploads\/sites\/14\/2014\/02\/Belmonte-museu-do-azeite-3_thumb2.jpg"},"acf":{"destacar_na_pagina_principal":"homeo","apresentacao_resumida":"","apresentacao_detalhada":"","envolvencia":"","morada":"","codigo_postal":"","localidade":"","telefone":"","telemovel":"","email":"belmonte.em@netvisao.pt","website":"","plataforma_de_reservas":"","coordenadas":{"address":"S\u00edtio do Chafariz Pequeno 6250-088 Belmonte","lat":40.3582139,"lng":-7.350432700000056},"latitude":"","longitude":"","logotipo_da_empresa":null,"galeria_de_fotografias":null,"facebook":"","twitter":"","linkedin":"","pinterest":"","instagram":"","youtube":"","horarios":"","periodo_de_ferias":"","outras_informacoes":"Tutela\t \r\nC\u00e2mara Municipal de Belmonte\t \r\n\r\nFuncionamento\t \r\nDe 3\u00aa feira a domingo. Inverno (de 15 de setembro a 31 de mar\u00e7o): das 9,30h \u00e0s 13h e das 14h \u00e0s 17h30. Ver\u00e3o (de 1 de abril a 14 de setembro): das 9h \u00e0s 12,30h e das 14h \u00e0s 18h. Encerra: 2\u00aa feira, 1 de janeiro, domingo de P\u00e1scoa, 1 de maio e 25 de dezembro.","caracteristicas_do_espaco":"","capacidade":"","preco_medio_por_refeicao":"","tipos_de_cozinha":"","ementa":"","n_de_quartos":"","preco_medio_por_noite":"","check_in":"","check_out":"","reservar_no_booking":"","produtos":null,"produto_lider":"nao","identificacao_do_produto_lider":null,"paises_de_exportacao":"","data_de_constituicao_da_empresa":null,"cae":"","setor_de_atividade":"","sub_setor_de_atividade":"","rnal":"","numero_de_contribuinte":"","numero_de_seguranca_social":"","forma_juridica":false,"numero_de_trabalhadores":"","responsavel":"","contacto_telefonico":"","capital_social":"","volume_de_vendas":"","mercados_onde_exerce_atividades":[],"tipo_de_clientes":[]},"jetpack_featured_media_url":"https:\/\/beira.pt\/diretorio\/wp-content\/uploads\/sites\/14\/2014\/02\/Belmonte-museu-do-azeite-3_thumb2.jpg","_links":{"self":[{"href":"https:\/\/beira.pt\/diretorio\/wp-json\/wp\/v2\/posts\/90632","targetHints":{"allow":["GET"]}}],"collection":[{"href":"https:\/\/beira.pt\/diretorio\/wp-json\/wp\/v2\/posts"}],"about":[{"href":"https:\/\/beira.pt\/diretorio\/wp-json\/wp\/v2\/types\/post"}],"author":[{"embeddable":true,"href":"https:\/\/beira.pt\/diretorio\/wp-json\/wp\/v2\/users\/6"}],"replies":[{"embeddable":true,"href":"https:\/\/beira.pt\/diretorio\/wp-json\/wp\/v2\/comments?post=90632"}],"version-history":[{"count":0,"href":"https:\/\/beira.pt\/diretorio\/wp-json\/wp\/v2\/posts\/90632\/revisions"}],"wp:featuredmedia":[{"embeddable":true,"href":"https:\/\/beira.pt\/diretorio\/wp-json\/wp\/v2\/media\/90633"}],"wp:attachment":[{"href":"https:\/\/beira.pt\/diretorio\/wp-json\/wp\/v2\/media?parent=90632"}],"wp:term":[{"taxonomy":"category","embeddable":true,"href":"https:\/\/beira.pt\/diretorio\/wp-json\/wp\/v2\/categories?post=90632"},{"taxonomy":"post_tag","embeddable":true,"href":"https:\/\/beira.pt\/diretorio\/wp-json\/wp\/v2\/tags?post=90632"},{"taxonomy":"concelhos","embeddable":true,"href":"https:\/\/beira.pt\/diretorio\/wp-json\/wp\/v2\/concelhos?post=90632"}],"curies":[{"name":"wp","href":"https:\/\/api.w.org\/{rel}","templated":true}]}}