{"id":90601,"date":"2014-02-04T16:49:02","date_gmt":"2014-02-04T16:49:02","guid":{"rendered":"http:\/\/beira.pt\/?p=90601"},"modified":"2014-02-04T16:51:58","modified_gmt":"2014-02-04T16:51:58","slug":"museu-rural-etnografico-de-torroselo","status":"publish","type":"post","link":"https:\/\/beira.pt\/diretorio\/museu-rural-etnografico-de-torroselo\/","title":{"rendered":"Museu Rural Etnogr\u00e1fico de Torroselo"},"content":{"rendered":"<p>Tipologia: Museus de Etnografia e Antropologia<\/p>\n","protected":false},"excerpt":{"rendered":"<p>\u00abO Museu cujo esp\u00f3lio \u00e9 essencialmente de cariz etnogr\u00e1fico, reflete o meio rural em que se insere. Apresenta cole\u00e7\u00f5es ligadas \u00e0s profiss\u00f5es de sapateiro, resineiro, barbeiro, m\u00fasico, e \u00e0s tarefas agr\u00edcolas. Reproduz a antiga casa rural, apresenta alguns trajes antigos recolhidos localmente e alguma arte sacra.\u00bb<\/p>\n","protected":false},"author":6,"featured_media":90602,"comment_status":"closed","ping_status":"closed","sticky":false,"template":"","format":"standard","meta":{"_acf_changed":false,"advanced_seo_description":"","jetpack_seo_html_title":"","jetpack_seo_noindex":false,"footnotes":""},"categories":[114,140],"tags":[],"concelhos":[17,28],"class_list":["post-90601","post","type-post","status-publish","format-standard","has-post-thumbnail","hentry","category-arte-e-cultura","category-museus","concelhos-distrito-da-guarda","concelhos-seia"],"better_featured_image":{"id":90602,"alt_text":"Musue rural Torroselo","caption":"Fonte: www.flickr.com ","description":"","media_type":"image","media_details":{"width":275,"height":183,"file":"2014\/02\/index1.jpg","sizes":{"thumbnail":{"file":"index1-80x80.jpg","width":80,"height":80,"mime-type":"image\/jpeg","source_url":"https:\/\/beira.pt\/diretorio\/wp-content\/uploads\/sites\/14\/2014\/02\/index1-80x80.jpg"},"imgx360x185":{"file":"index1-360x185.jpg","width":360,"height":185,"mime-type":"image\/jpeg","source_url":"https:\/\/beira.pt\/diretorio\/wp-content\/uploads\/sites\/14\/2014\/02\/index1-360x185.jpg"},"imgx750x400":{"file":"index1-750x400.jpg","width":750,"height":400,"mime-type":"image\/jpeg","source_url":"https:\/\/beira.pt\/diretorio\/wp-content\/uploads\/sites\/14\/2014\/02\/index1-750x400.jpg"},"imgx1170x400":{"file":"index1-1170x400.jpg","width":1170,"height":400,"mime-type":"image\/jpeg","source_url":"https:\/\/beira.pt\/diretorio\/wp-content\/uploads\/sites\/14\/2014\/02\/index1-1170x400.jpg"},"argtdyu":{"file":"index1-515x418.jpg","width":515,"height":418,"mime-type":"image\/jpeg","source_url":"https:\/\/beira.pt\/diretorio\/wp-content\/uploads\/sites\/14\/2014\/02\/index1-515x418.jpg"},"rhtoskt":{"file":"index1-515x237.jpg","width":515,"height":237,"mime-type":"image\/jpeg","source_url":"https:\/\/beira.pt\/diretorio\/wp-content\/uploads\/sites\/14\/2014\/02\/index1-515x237.jpg"},"urlsouc":{"file":"index1-253x171.jpg","width":253,"height":171,"mime-type":"image\/jpeg","source_url":"https:\/\/beira.pt\/diretorio\/wp-content\/uploads\/sites\/14\/2014\/02\/index1-253x171.jpg"},"facbook":{"file":"index1-476x249.jpg","width":476,"height":249,"mime-type":"image\/jpeg","source_url":"https:\/\/beira.pt\/diretorio\/wp-content\/uploads\/sites\/14\/2014\/02\/index1-476x249.jpg"}},"image_meta":{"aperture":"0","credit":"","camera":"","caption":"","created_timestamp":"0","copyright":"","focal_length":"0","iso":"0","shutter_speed":"0","title":"","orientation":"0","keywords":[]}},"post":90601,"source_url":"https:\/\/beira.pt\/diretorio\/wp-content\/uploads\/sites\/14\/2014\/02\/index1.jpg"},"acf":{"destacar_na_pagina_principal":"homeo","apresentacao_resumida":"","apresentacao_detalhada":"","envolvencia":"","morada":"","codigo_postal":"","localidade":"","telefone":"","telemovel":"","email":"","website":"","plataforma_de_reservas":"","coordenadas":{"address":"Rua da Cadeia 6270-555 Torroselo","lat":40.3872472,"lng":-7.767686000000026},"latitude":"","longitude":"","logotipo_da_empresa":null,"galeria_de_fotografias":null,"facebook":"","twitter":"","linkedin":"","pinterest":"","instagram":"","youtube":"","horarios":"","periodo_de_ferias":"","outras_informacoes":"Tutela\t \r\nJunta de Freguesia de Torroselo\t \r\n\r\nFuncionamento\t \r\nMediante marca\u00e7\u00e3o pr\u00e9via.","caracteristicas_do_espaco":"","capacidade":"","preco_medio_por_refeicao":"","tipos_de_cozinha":"","ementa":"","n_de_quartos":"","preco_medio_por_noite":"","check_in":"","check_out":"","reservar_no_booking":"","produtos":null,"produto_lider":"nao","identificacao_do_produto_lider":null,"paises_de_exportacao":"","data_de_constituicao_da_empresa":null,"cae":"","setor_de_atividade":"","sub_setor_de_atividade":"","rnal":"","numero_de_contribuinte":"","numero_de_seguranca_social":"","forma_juridica":false,"numero_de_trabalhadores":"","responsavel":"","contacto_telefonico":"","capital_social":"","volume_de_vendas":"","mercados_onde_exerce_atividades":[],"tipo_de_clientes":[]},"jetpack_featured_media_url":"https:\/\/beira.pt\/diretorio\/wp-content\/uploads\/sites\/14\/2014\/02\/index1.jpg","_links":{"self":[{"href":"https:\/\/beira.pt\/diretorio\/wp-json\/wp\/v2\/posts\/90601","targetHints":{"allow":["GET"]}}],"collection":[{"href":"https:\/\/beira.pt\/diretorio\/wp-json\/wp\/v2\/posts"}],"about":[{"href":"https:\/\/beira.pt\/diretorio\/wp-json\/wp\/v2\/types\/post"}],"author":[{"embeddable":true,"href":"https:\/\/beira.pt\/diretorio\/wp-json\/wp\/v2\/users\/6"}],"replies":[{"embeddable":true,"href":"https:\/\/beira.pt\/diretorio\/wp-json\/wp\/v2\/comments?post=90601"}],"version-history":[{"count":0,"href":"https:\/\/beira.pt\/diretorio\/wp-json\/wp\/v2\/posts\/90601\/revisions"}],"wp:featuredmedia":[{"embeddable":true,"href":"https:\/\/beira.pt\/diretorio\/wp-json\/wp\/v2\/media\/90602"}],"wp:attachment":[{"href":"https:\/\/beira.pt\/diretorio\/wp-json\/wp\/v2\/media?parent=90601"}],"wp:term":[{"taxonomy":"category","embeddable":true,"href":"https:\/\/beira.pt\/diretorio\/wp-json\/wp\/v2\/categories?post=90601"},{"taxonomy":"post_tag","embeddable":true,"href":"https:\/\/beira.pt\/diretorio\/wp-json\/wp\/v2\/tags?post=90601"},{"taxonomy":"concelhos","embeddable":true,"href":"https:\/\/beira.pt\/diretorio\/wp-json\/wp\/v2\/concelhos?post=90601"}],"curies":[{"name":"wp","href":"https:\/\/api.w.org\/{rel}","templated":true}]}}