{"id":89539,"date":"2014-01-06T10:30:37","date_gmt":"2014-01-06T10:30:37","guid":{"rendered":"http:\/\/beira.pt\/?p=89539"},"modified":"2019-04-18T11:14:32","modified_gmt":"2019-04-18T11:14:32","slug":"sociedade-filarmonica-bendadense","status":"publish","type":"post","link":"https:\/\/beira.pt\/diretorio\/sociedade-filarmonica-bendadense\/","title":{"rendered":"Sociedade Filarm\u00f3nica Bendadense - Casa da M\u00fasica da Bendada"},"content":{"rendered":"<p>Em 2012, a Sociedade Filarm\u00f3nica Bendadense ganhou um concurso a um fundo da Uni\u00e3o Europeia o que, juntamente com um grande apoio por partes das autarquias locais, proporcionou a constru\u00e7\u00e3o de novas instala\u00e7\u00f5es com excelentes condi\u00e7\u00f5es para a pr\u00e1tica e o ensino da m\u00fasica.<\/p>\n<p>A Casa da M\u00fasica da Bendada, nome dado ao novo edif\u00edcio, inclui salas de estudo insonorizadas e uma espetacular sala de concertos, com paredes em vidro que proporcionam uma linda vista para a serra. Este novo edif\u00edcio tem sido a casa do internacional Bendada Music Festival, que tem lugar todos os anos no ver\u00e3o, na terceira semana de julho.<\/p>\n<p>A Sociedade Filarm\u00f3nica Bendadense tem, desde a sua funda\u00e7\u00e3o, oferecido uma s\u00f3lida forma\u00e7\u00e3o em instrumentos de sopro, tendo criado v\u00e1rios m\u00fasicos que se tornaram m\u00fasicos profissionais no pa\u00eds e no estrangeiro.<\/p>\n<p>O Bendada Music Festival orgulha-se de se associar \u00e0 Escola de M\u00fasica da Bendada, trazendo um ensino da m\u00fasica de elevada qualidade \u00e0 Bendada, todos os ver\u00f5es.<\/p>\n","protected":false},"excerpt":{"rendered":"<p>A Casa da M\u00fasica da Bendada \u00e9 sede e propriedade da Sociedade Filarm\u00f3nica Bendadense. \u00c9 um espa\u00e7o dotado de salas de aulas e audit\u00f3rio destinado a espet\u00e1culos.<\/p>\n","protected":false},"author":6,"featured_media":127411,"comment_status":"closed","ping_status":"closed","sticky":false,"template":"","format":"standard","meta":{"_acf_changed":false,"advanced_seo_description":"","jetpack_seo_html_title":"","jetpack_seo_noindex":false,"footnotes":""},"categories":[114,100,73,110,113,7269],"tags":[11940,11941,11936,8769,11938,11942,11939,11697,250,11937],"concelhos":[17,27],"class_list":["post-89539","post","type-post","status-publish","format-standard","has-post-thumbnail","hentry","category-arte-e-cultura","category-associacoes","category-cultural-e-recreativa","category-educacao-e-formacao","category-entidades-formadoras","category-musica","tag-aulas-de-coro","tag-bendada-music-festival","tag-casa-da-musica-da-bendada","tag-cimbse","tag-concertos","tag-ensino-da-musica","tag-instrumentos","tag-municipio-do-sabugal","tag-musica-2","tag-sociedade-filarmonica-bendadense","concelhos-distrito-da-guarda","concelhos-sabugal"],"better_featured_image":{"id":127411,"alt_text":"","caption":"","description":"","media_type":"image","media_details":{"width":960,"height":459,"file":"2014\/01\/bendad2.jpg","sizes":{"medium":{"file":"bendad2-300x143.jpg","width":300,"height":143,"mime-type":"image\/jpeg","source_url":"https:\/\/beira.pt\/diretorio\/wp-content\/uploads\/sites\/14\/2014\/01\/bendad2-300x143.jpg"},"thumbnail":{"file":"bendad2-80x80.jpg","width":80,"height":80,"mime-type":"image\/jpeg","source_url":"https:\/\/beira.pt\/diretorio\/wp-content\/uploads\/sites\/14\/2014\/01\/bendad2-80x80.jpg"},"medium_large":{"file":"bendad2-768x367.jpg","width":768,"height":367,"mime-type":"image\/jpeg","source_url":"https:\/\/beira.pt\/diretorio\/wp-content\/uploads\/sites\/14\/2014\/01\/bendad2-768x367.jpg"},"imgx360x185":{"file":"bendad2-360x185.jpg","width":360,"height":185,"mime-type":"image\/jpeg","source_url":"https:\/\/beira.pt\/diretorio\/wp-content\/uploads\/sites\/14\/2014\/01\/bendad2-360x185.jpg"},"imgx750x400":{"file":"bendad2-750x400.jpg","width":750,"height":400,"mime-type":"image\/jpeg","source_url":"https:\/\/beira.pt\/diretorio\/wp-content\/uploads\/sites\/14\/2014\/01\/bendad2-750x400.jpg"},"imgx1170x400":{"file":"bendad2-1170x400.jpg","width":1170,"height":400,"mime-type":"image\/jpeg","source_url":"https:\/\/beira.pt\/diretorio\/wp-content\/uploads\/sites\/14\/2014\/01\/bendad2-1170x400.jpg"},"argtdyu":{"file":"bendad2-515x418.jpg","width":515,"height":418,"mime-type":"image\/jpeg","source_url":"https:\/\/beira.pt\/diretorio\/wp-content\/uploads\/sites\/14\/2014\/01\/bendad2-515x418.jpg"},"rhtoskt":{"file":"bendad2-515x237.jpg","width":515,"height":237,"mime-type":"image\/jpeg","source_url":"https:\/\/beira.pt\/diretorio\/wp-content\/uploads\/sites\/14\/2014\/01\/bendad2-515x237.jpg"},"urlsouc":{"file":"bendad2-253x171.jpg","width":253,"height":171,"mime-type":"image\/jpeg","source_url":"https:\/\/beira.pt\/diretorio\/wp-content\/uploads\/sites\/14\/2014\/01\/bendad2-253x171.jpg"},"facbook":{"file":"bendad2-476x249.jpg","width":476,"height":249,"mime-type":"image\/jpeg","source_url":"https:\/\/beira.pt\/diretorio\/wp-content\/uploads\/sites\/14\/2014\/01\/bendad2-476x249.jpg"}},"image_meta":{"aperture":"0","credit":"claudia e julio","camera":"","caption":"","created_timestamp":"0","copyright":"","focal_length":"0","iso":"0","shutter_speed":"0","title":"","orientation":"0","keywords":[]}},"post":89539,"source_url":"https:\/\/beira.pt\/diretorio\/wp-content\/uploads\/sites\/14\/2014\/01\/bendad2.jpg"},"acf":{"destacar_na_pagina_principal":"homeo","apresentacao_resumida":"","apresentacao_detalhada":"","envolvencia":"","morada":"","codigo_postal":"6250-181","localidade":"Bendada, distrito da Guarda, concelho do Sabugal, Portugal","telefone":"","telemovel":" 962 596 118","email":"sociedadefilarmonicabendadense@gmail.com","website":"","plataforma_de_reservas":"","coordenadas":{"address":"Av. da Casa do Povo, 6250-181 BENDADA,","lat":40.3680263,"lng":-7.253864399999998},"latitude":"","longitude":"","logotipo_da_empresa":null,"galeria_de_fotografias":[127413],"facebook":"https:\/\/www.facebook.com\/casadamusicadabendada\/","twitter":"","linkedin":"","pinterest":"","instagram":"","youtube":"","horarios":"","periodo_de_ferias":"","outras_informacoes":"A Sociedade Filarm\u00f3nica Bendadense pertence a freguesia de Bendada, concelho do Sabugal, distrito da Guarda.","caracteristicas_do_espaco":"","capacidade":"","preco_medio_por_refeicao":"","tipos_de_cozinha":"","ementa":"","n_de_quartos":"","preco_medio_por_noite":"","check_in":"","check_out":"","reservar_no_booking":"","produtos":null,"produto_lider":"nao","identificacao_do_produto_lider":null,"paises_de_exportacao":"","data_de_constituicao_da_empresa":null,"cae":"","setor_de_atividade":"","sub_setor_de_atividade":"","rnal":"","numero_de_contribuinte":"","numero_de_seguranca_social":"","forma_juridica":"Empres\u00e1rio em nome individual","numero_de_trabalhadores":"","responsavel":"","contacto_telefonico":"","capital_social":"","volume_de_vendas":"","mercados_onde_exerce_atividades":"","tipo_de_clientes":""},"jetpack_featured_media_url":"https:\/\/beira.pt\/diretorio\/wp-content\/uploads\/sites\/14\/2014\/01\/bendad2.jpg","_links":{"self":[{"href":"https:\/\/beira.pt\/diretorio\/wp-json\/wp\/v2\/posts\/89539","targetHints":{"allow":["GET"]}}],"collection":[{"href":"https:\/\/beira.pt\/diretorio\/wp-json\/wp\/v2\/posts"}],"about":[{"href":"https:\/\/beira.pt\/diretorio\/wp-json\/wp\/v2\/types\/post"}],"author":[{"embeddable":true,"href":"https:\/\/beira.pt\/diretorio\/wp-json\/wp\/v2\/users\/6"}],"replies":[{"embeddable":true,"href":"https:\/\/beira.pt\/diretorio\/wp-json\/wp\/v2\/comments?post=89539"}],"version-history":[{"count":3,"href":"https:\/\/beira.pt\/diretorio\/wp-json\/wp\/v2\/posts\/89539\/revisions"}],"predecessor-version":[{"id":127414,"href":"https:\/\/beira.pt\/diretorio\/wp-json\/wp\/v2\/posts\/89539\/revisions\/127414"}],"acf:attachment":[{"embeddable":true,"href":"https:\/\/beira.pt\/diretorio\/wp-json\/wp\/v2\/media\/127413"}],"wp:featuredmedia":[{"embeddable":true,"href":"https:\/\/beira.pt\/diretorio\/wp-json\/wp\/v2\/media\/127411"}],"wp:attachment":[{"href":"https:\/\/beira.pt\/diretorio\/wp-json\/wp\/v2\/media?parent=89539"}],"wp:term":[{"taxonomy":"category","embeddable":true,"href":"https:\/\/beira.pt\/diretorio\/wp-json\/wp\/v2\/categories?post=89539"},{"taxonomy":"post_tag","embeddable":true,"href":"https:\/\/beira.pt\/diretorio\/wp-json\/wp\/v2\/tags?post=89539"},{"taxonomy":"concelhos","embeddable":true,"href":"https:\/\/beira.pt\/diretorio\/wp-json\/wp\/v2\/concelhos?post=89539"}],"curies":[{"name":"wp","href":"https:\/\/api.w.org\/{rel}","templated":true}]}}