{"id":41071,"date":"2013-10-01T16:28:21","date_gmt":"2013-10-01T15:28:21","guid":{"rendered":"http:\/\/beira.pt\/?p=41071"},"modified":"2014-01-27T15:15:17","modified_gmt":"2014-01-27T15:15:17","slug":"hotel-serra-da-estrela","status":"publish","type":"post","link":"https:\/\/beira.pt\/diretorio\/hotel-serra-da-estrela\/","title":{"rendered":"Chal\u00e9s de Montanha"},"content":{"rendered":"<p>\u00c9 o hotel mais alto em Portugal, situado na pitoresca aldeia de montanha das Penhas da Sa\u00fade. O restaurante do hotel\u00a0 serve cozinha tradicional, vinhos regionais e o famoso queijo da Serra.<\/p>\n","protected":false},"excerpt":{"rendered":"<p>\u00abConciliando os elementos de arquitetura tradicional da serra com as modernas t\u00e9cnicas de constru\u00e7\u00e3o de montanha, proporcionando o m\u00e1ximo de conforto e exclusividade.\u00bb<\/p>\n","protected":false},"author":1,"featured_media":87419,"comment_status":"closed","ping_status":"closed","sticky":false,"template":"","format":"standard","meta":{"_acf_changed":false,"advanced_seo_description":"","jetpack_seo_html_title":"","jetpack_seo_noindex":false,"footnotes":""},"categories":[41,82,138],"tags":[],"concelhos":[34,31],"class_list":["post-41071","post","type-post","status-publish","format-standard","has-post-thumbnail","hentry","category-alojamento","category-estabelecimento-hoteleiro","category-resort","concelhos-covilha","concelhos-distrito-de-castelo-branco"],"better_featured_image":{"id":87419,"alt_text":"","caption":"","description":"","media_type":"image","media_details":{"width":1024,"height":680,"file":"2013\/10\/DSC8174.jpg","sizes":{"medium":{"file":"DSC8174-300x199.jpg","width":300,"height":199,"mime-type":"image\/jpeg","source_url":"https:\/\/beira.pt\/diretorio\/wp-content\/uploads\/sites\/14\/2013\/10\/DSC8174-300x199.jpg"},"thumbnail":{"file":"DSC8174-80x80.jpg","width":80,"height":80,"mime-type":"image\/jpeg","source_url":"https:\/\/beira.pt\/diretorio\/wp-content\/uploads\/sites\/14\/2013\/10\/DSC8174-80x80.jpg"},"medium_large":{"file":"DSC8174-768x510.jpg","width":768,"height":510,"mime-type":"image\/jpeg","source_url":"https:\/\/beira.pt\/diretorio\/wp-content\/uploads\/sites\/14\/2013\/10\/DSC8174-768x510.jpg"},"imgx360x185":{"file":"DSC8174-360x185.jpg","width":360,"height":185,"mime-type":"image\/jpeg","source_url":"https:\/\/beira.pt\/diretorio\/wp-content\/uploads\/sites\/14\/2013\/10\/DSC8174-360x185.jpg"},"imgx750x400":{"file":"DSC8174-750x400.jpg","width":750,"height":400,"mime-type":"image\/jpeg","source_url":"https:\/\/beira.pt\/diretorio\/wp-content\/uploads\/sites\/14\/2013\/10\/DSC8174-750x400.jpg"},"imgx1170x400":{"file":"DSC8174-1170x400.jpg","width":1170,"height":400,"mime-type":"image\/jpeg","source_url":"https:\/\/beira.pt\/diretorio\/wp-content\/uploads\/sites\/14\/2013\/10\/DSC8174-1170x400.jpg"},"argtdyu":{"file":"DSC8174-515x418.jpg","width":515,"height":418,"mime-type":"image\/jpeg","source_url":"https:\/\/beira.pt\/diretorio\/wp-content\/uploads\/sites\/14\/2013\/10\/DSC8174-515x418.jpg"},"rhtoskt":{"file":"DSC8174-515x237.jpg","width":515,"height":237,"mime-type":"image\/jpeg","source_url":"https:\/\/beira.pt\/diretorio\/wp-content\/uploads\/sites\/14\/2013\/10\/DSC8174-515x237.jpg"},"urlsouc":{"file":"DSC8174-253x171.jpg","width":253,"height":171,"mime-type":"image\/jpeg","source_url":"https:\/\/beira.pt\/diretorio\/wp-content\/uploads\/sites\/14\/2013\/10\/DSC8174-253x171.jpg"},"facbook":{"file":"DSC8174-476x249.jpg","width":476,"height":249,"mime-type":"image\/jpeg","source_url":"https:\/\/beira.pt\/diretorio\/wp-content\/uploads\/sites\/14\/2013\/10\/DSC8174-476x249.jpg"}},"image_meta":{"aperture":"0","credit":"","camera":"","caption":"","created_timestamp":"0","copyright":"","focal_length":"0","iso":"0","shutter_speed":"0","title":"","orientation":"0","keywords":[]}},"post":41071,"source_url":"https:\/\/beira.pt\/diretorio\/wp-content\/uploads\/sites\/14\/2013\/10\/DSC8174.jpg"},"acf":{"destacar_na_pagina_principal":"homeo","apresentacao_resumida":"","apresentacao_detalhada":"","envolvencia":"","morada":"","codigo_postal":"","localidade":"","telefone":"","telemovel":"","email":"hse@turistrela.pt","website":"","plataforma_de_reservas":"","coordenadas":{"address":"Penhas da Sa\u00fade, 6200-073 Covilh\u00e3 ","lat":40.2900504,"lng":-7.529883599999948},"latitude":"","longitude":"","logotipo_da_empresa":null,"galeria_de_fotografias":null,"facebook":"","twitter":"","linkedin":"","pinterest":"","instagram":"","youtube":"","horarios":"","periodo_de_ferias":"","outras_informacoes":"","caracteristicas_do_espaco":"","capacidade":"","preco_medio_por_refeicao":"","tipos_de_cozinha":"","ementa":"","n_de_quartos":"28 Chal\u00e9s Standard e um Chal\u00e9 Presidencial.","preco_medio_por_noite":"","check_in":"Das 16:00 Horas","check_out":"\u00c0s 12:00 Horas","reservar_no_booking":"","produtos":null,"produto_lider":"nao","identificacao_do_produto_lider":null,"paises_de_exportacao":"","data_de_constituicao_da_empresa":null,"cae":"","setor_de_atividade":"","sub_setor_de_atividade":"","rnal":"","numero_de_contribuinte":"","numero_de_seguranca_social":"","forma_juridica":false,"numero_de_trabalhadores":"","responsavel":"","contacto_telefonico":"","capital_social":"","volume_de_vendas":"","mercados_onde_exerce_atividades":[],"tipo_de_clientes":[]},"jetpack_featured_media_url":"https:\/\/beira.pt\/diretorio\/wp-content\/uploads\/sites\/14\/2013\/10\/DSC8174.jpg","_links":{"self":[{"href":"https:\/\/beira.pt\/diretorio\/wp-json\/wp\/v2\/posts\/41071","targetHints":{"allow":["GET"]}}],"collection":[{"href":"https:\/\/beira.pt\/diretorio\/wp-json\/wp\/v2\/posts"}],"about":[{"href":"https:\/\/beira.pt\/diretorio\/wp-json\/wp\/v2\/types\/post"}],"author":[{"embeddable":true,"href":"https:\/\/beira.pt\/diretorio\/wp-json\/wp\/v2\/users\/1"}],"replies":[{"embeddable":true,"href":"https:\/\/beira.pt\/diretorio\/wp-json\/wp\/v2\/comments?post=41071"}],"version-history":[{"count":0,"href":"https:\/\/beira.pt\/diretorio\/wp-json\/wp\/v2\/posts\/41071\/revisions"}],"wp:featuredmedia":[{"embeddable":true,"href":"https:\/\/beira.pt\/diretorio\/wp-json\/wp\/v2\/media\/87419"}],"wp:attachment":[{"href":"https:\/\/beira.pt\/diretorio\/wp-json\/wp\/v2\/media?parent=41071"}],"wp:term":[{"taxonomy":"category","embeddable":true,"href":"https:\/\/beira.pt\/diretorio\/wp-json\/wp\/v2\/categories?post=41071"},{"taxonomy":"post_tag","embeddable":true,"href":"https:\/\/beira.pt\/diretorio\/wp-json\/wp\/v2\/tags?post=41071"},{"taxonomy":"concelhos","embeddable":true,"href":"https:\/\/beira.pt\/diretorio\/wp-json\/wp\/v2\/concelhos?post=41071"}],"curies":[{"name":"wp","href":"https:\/\/api.w.org\/{rel}","templated":true}]}}