{"id":41015,"date":"2013-12-05T16:36:30","date_gmt":"2013-12-05T16:36:30","guid":{"rendered":"http:\/\/beira.pt\/?p=41015"},"modified":"2023-06-26T16:14:45","modified_gmt":"2023-06-26T16:14:45","slug":"o-alambique-de-ouro","status":"publish","type":"post","link":"https:\/\/beira.pt\/diretorio\/o-alambique-de-ouro\/","title":{"rendered":"O Alambique de Ouro"},"content":{"rendered":"<div id=\"summary\">\n<p style=\"text-align: justify\">O Alambique de Ouro Resort combina arquitectura cl\u00e1ssica com amenidades luxuosas, numa localiza\u00e7\u00e3o tranquila fora do Fund\u00e3o. Disponibiliza 2 piscinas, 2 campos de t\u00e9nis e uma banheira de hidromassagem.\u00a0Todos os quartos do Alambique de Ouro Hotel Resort est\u00e3o equipados com uma televis\u00e3o por cabo e acesso Wi-Fi gratuito. Cada quarto apresenta uma moderna casa de banho com azulejos e servi\u00e7o de quartos dispon\u00edvel 24 horas por dia.\u00a0O restaurante disp\u00f5e de uma decora\u00e7\u00e3o tradicional portuguesa e serve um menu \u00e0 carta de sabores regionais, tais como marisco fresco. Poder\u00e1 relaxar ap\u00f3s a refei\u00e7\u00e3o com um copo de vinho local do bar.\u00a0O Alambique de Ouro inclui instala\u00e7\u00f5es de sauna e de banho turco, assim como uma escolha de piscinas interiores e exteriores. Tamb\u00e9m existe uma sala de jogos, equipada com mesas de bilhar.<\/p>\n<\/div>\n","protected":false},"excerpt":{"rendered":"<p>\u00abEste elegante hotel combina arquitetura cl\u00e1ssica com amenidades luxuosas, numa localiza\u00e7\u00e3o tranquila fora do Fund\u00e3o. O restaurante disp\u00f5e de uma decora\u00e7\u00e3o tradicional portuguesa e serve um menu \u00e0 carta de sabores regionais\u00bb<\/p>\n","protected":false},"author":1,"featured_media":87803,"comment_status":"closed","ping_status":"closed","sticky":false,"template":"","format":"standard","meta":{"_acf_changed":false,"advanced_seo_description":"","jetpack_seo_html_title":"","jetpack_seo_noindex":false,"footnotes":""},"categories":[41,82,138],"tags":[8769,9568],"concelhos":[31,35],"class_list":["post-41015","post","type-post","status-publish","format-standard","has-post-thumbnail","hentry","category-alojamento","category-estabelecimento-hoteleiro","category-resort","tag-cimbse","tag-fundao","concelhos-distrito-de-castelo-branco","concelhos-fundao"],"better_featured_image":{"id":87803,"alt_text":"O Alambique","caption":"ADSI","description":"O Alambique","media_type":"image","media_details":{"width":1024,"height":681,"file":"2013\/12\/DSC_2492.jpg","sizes":{"medium":{"file":"DSC_2492-300x200.jpg","width":300,"height":200,"mime-type":"image\/jpeg","source_url":"https:\/\/beira.pt\/diretorio\/wp-content\/uploads\/sites\/14\/2013\/12\/DSC_2492-300x200.jpg"},"thumbnail":{"file":"DSC_2492-80x80.jpg","width":80,"height":80,"mime-type":"image\/jpeg","source_url":"https:\/\/beira.pt\/diretorio\/wp-content\/uploads\/sites\/14\/2013\/12\/DSC_2492-80x80.jpg"},"medium_large":{"file":"DSC_2492-768x511.jpg","width":768,"height":511,"mime-type":"image\/jpeg","source_url":"https:\/\/beira.pt\/diretorio\/wp-content\/uploads\/sites\/14\/2013\/12\/DSC_2492-768x511.jpg"},"imgx360x185":{"file":"DSC_2492-360x185.jpg","width":360,"height":185,"mime-type":"image\/jpeg","source_url":"https:\/\/beira.pt\/diretorio\/wp-content\/uploads\/sites\/14\/2013\/12\/DSC_2492-360x185.jpg"},"imgx750x400":{"file":"DSC_2492-750x400.jpg","width":750,"height":400,"mime-type":"image\/jpeg","source_url":"https:\/\/beira.pt\/diretorio\/wp-content\/uploads\/sites\/14\/2013\/12\/DSC_2492-750x400.jpg"},"imgx1170x400":{"file":"DSC_2492-1170x400.jpg","width":1170,"height":400,"mime-type":"image\/jpeg","source_url":"https:\/\/beira.pt\/diretorio\/wp-content\/uploads\/sites\/14\/2013\/12\/DSC_2492-1170x400.jpg"},"argtdyu":{"file":"DSC_2492-515x418.jpg","width":515,"height":418,"mime-type":"image\/jpeg","source_url":"https:\/\/beira.pt\/diretorio\/wp-content\/uploads\/sites\/14\/2013\/12\/DSC_2492-515x418.jpg"},"rhtoskt":{"file":"DSC_2492-515x237.jpg","width":515,"height":237,"mime-type":"image\/jpeg","source_url":"https:\/\/beira.pt\/diretorio\/wp-content\/uploads\/sites\/14\/2013\/12\/DSC_2492-515x237.jpg"},"urlsouc":{"file":"DSC_2492-253x171.jpg","width":253,"height":171,"mime-type":"image\/jpeg","source_url":"https:\/\/beira.pt\/diretorio\/wp-content\/uploads\/sites\/14\/2013\/12\/DSC_2492-253x171.jpg"},"facbook":{"file":"DSC_2492-476x249.jpg","width":476,"height":249,"mime-type":"image\/jpeg","source_url":"https:\/\/beira.pt\/diretorio\/wp-content\/uploads\/sites\/14\/2013\/12\/DSC_2492-476x249.jpg"}},"image_meta":{"aperture":"0","credit":"","camera":"","caption":"","created_timestamp":"0","copyright":"","focal_length":"0","iso":"0","shutter_speed":"0","title":"","orientation":"0","keywords":[]}},"post":41015,"source_url":"https:\/\/beira.pt\/diretorio\/wp-content\/uploads\/sites\/14\/2013\/12\/DSC_2492.jpg"},"acf":{"destacar_na_pagina_principal":"homeo","apresentacao_resumida":"","apresentacao_detalhada":"","envolvencia":"","morada":"Estrada Nacional 18, 6230-463 Fund\u00e3o, Portugal","codigo_postal":"6230-463","localidade":"","telefone":"(+351) 275 774 145 ","telemovel":"(+351) 969 777 146 \/ (+351) 916 763 316 \/ (+351) 934 982 106 ","email":"geral@hotelalambique.com ","website":"http:\/\/www.hotelalambique.com\/","plataforma_de_reservas":"","coordenadas":{"address":"N18, 6230 Fund\u00e3o, Portugal","lat":40.166432862233826,"lng":-7.494871661110665},"latitude":"","longitude":"","logotipo_da_empresa":null,"galeria_de_fotografias":[112322,112324,112325,112326,112327,112328],"facebook":"https:\/\/www.facebook.com\/hotelalambique","twitter":"","linkedin":"","pinterest":"","instagram":"","youtube":"","horarios":"","periodo_de_ferias":"","outras_informacoes":"Tipos de pagamentos: Multibanco, Visa e Cheques.\r\n\r\nEstacionamento gratuito e p\u00fablico.\r\n\r\nAcesso Wi-Fi dispon\u00edvel.","caracteristicas_do_espaco":"","capacidade":"","preco_medio_por_refeicao":"","tipos_de_cozinha":"Cozinha Regional","ementa":"","n_de_quartos":"153","preco_medio_por_noite":"","check_in":"A partir das 15:00 horas","check_out":"At\u00e9 \u00e0s 12:00 horas","reservar_no_booking":"http:\/\/www.booking.com\/hotel\/pt\/o-alambique-de-ouro-resort.html?aid=1128444","produtos":null,"produto_lider":"nao","identificacao_do_produto_lider":null,"paises_de_exportacao":"","data_de_constituicao_da_empresa":null,"cae":"","setor_de_atividade":"","sub_setor_de_atividade":"","rnal":"","numero_de_contribuinte":"","numero_de_seguranca_social":"","forma_juridica":"Empres\u00e1rio em nome individual","numero_de_trabalhadores":"","responsavel":"","contacto_telefonico":"","capital_social":"","volume_de_vendas":"","mercados_onde_exerce_atividades":["nacional"],"tipo_de_clientes":""},"jetpack_featured_media_url":"https:\/\/beira.pt\/diretorio\/wp-content\/uploads\/sites\/14\/2013\/12\/DSC_2492.jpg","_links":{"self":[{"href":"https:\/\/beira.pt\/diretorio\/wp-json\/wp\/v2\/posts\/41015","targetHints":{"allow":["GET"]}}],"collection":[{"href":"https:\/\/beira.pt\/diretorio\/wp-json\/wp\/v2\/posts"}],"about":[{"href":"https:\/\/beira.pt\/diretorio\/wp-json\/wp\/v2\/types\/post"}],"author":[{"embeddable":true,"href":"https:\/\/beira.pt\/diretorio\/wp-json\/wp\/v2\/users\/1"}],"replies":[{"embeddable":true,"href":"https:\/\/beira.pt\/diretorio\/wp-json\/wp\/v2\/comments?post=41015"}],"version-history":[{"count":2,"href":"https:\/\/beira.pt\/diretorio\/wp-json\/wp\/v2\/posts\/41015\/revisions"}],"predecessor-version":[{"id":130278,"href":"https:\/\/beira.pt\/diretorio\/wp-json\/wp\/v2\/posts\/41015\/revisions\/130278"}],"acf:attachment":[{"embeddable":true,"href":"https:\/\/beira.pt\/diretorio\/wp-json\/wp\/v2\/media\/112328"},{"embeddable":true,"href":"https:\/\/beira.pt\/diretorio\/wp-json\/wp\/v2\/media\/112327"},{"embeddable":true,"href":"https:\/\/beira.pt\/diretorio\/wp-json\/wp\/v2\/media\/112326"},{"embeddable":true,"href":"https:\/\/beira.pt\/diretorio\/wp-json\/wp\/v2\/media\/112325"},{"embeddable":true,"href":"https:\/\/beira.pt\/diretorio\/wp-json\/wp\/v2\/media\/112324"},{"embeddable":true,"href":"https:\/\/beira.pt\/diretorio\/wp-json\/wp\/v2\/media\/112322"}],"wp:featuredmedia":[{"embeddable":true,"href":"https:\/\/beira.pt\/diretorio\/wp-json\/wp\/v2\/media\/87803"}],"wp:attachment":[{"href":"https:\/\/beira.pt\/diretorio\/wp-json\/wp\/v2\/media?parent=41015"}],"wp:term":[{"taxonomy":"category","embeddable":true,"href":"https:\/\/beira.pt\/diretorio\/wp-json\/wp\/v2\/categories?post=41015"},{"taxonomy":"post_tag","embeddable":true,"href":"https:\/\/beira.pt\/diretorio\/wp-json\/wp\/v2\/tags?post=41015"},{"taxonomy":"concelhos","embeddable":true,"href":"https:\/\/beira.pt\/diretorio\/wp-json\/wp\/v2\/concelhos?post=41015"}],"curies":[{"name":"wp","href":"https:\/\/api.w.org\/{rel}","templated":true}]}}