{"id":40872,"date":"2013-12-06T17:47:07","date_gmt":"2013-12-06T17:47:07","guid":{"rendered":"http:\/\/beira.pt\/?p=40872"},"modified":"2015-04-22T12:22:26","modified_gmt":"2015-04-22T11:22:26","slug":"casa-da-lageosa","status":"publish","type":"post","link":"https:\/\/beira.pt\/diretorio\/casa-da-lageosa\/","title":{"rendered":"Casa da Lageosa"},"content":{"rendered":"<p>A casa disp\u00f5e de quatro quartos que foram decorados de acordo com as esta\u00e7\u00f5es do ano primavera, ver\u00e3o, outono e inverno, todos os quartos t\u00eam casa de banho privativa e possuem aquecimento central.<\/p>\n","protected":false},"excerpt":{"rendered":"<p>\u00abA casa de campo da Lageosa, situada na aldeia Lageosa do Mondego, junto \u00e0 Serra da Estrela, recebe-o num ambiente acolhedor e confort\u00e1vel, de forma familiar e descontra\u00edda.\u00bb<\/p>\n","protected":false},"author":1,"featured_media":87921,"comment_status":"closed","ping_status":"closed","sticky":false,"template":"","format":"standard","meta":{"_acf_changed":false,"advanced_seo_description":"","jetpack_seo_html_title":"","jetpack_seo_noindex":false,"footnotes":""},"categories":[41,117,116,121,62,119,125,80],"tags":[9554,8769],"concelhos":[19,17],"class_list":["post-40872","post","type-post","status-publish","format-standard","has-post-thumbnail","hentry","category-alojamento","category-btt","category-desporto-e-aventura","category-escalada-e-montanhismo","category-lazer-e-desporto","category-passeios-pedestres","category-slide-e-rappel","category-turismo-no-espaco-rural","tag-celorico-da-beira","tag-cimbse","concelhos-celorico-da-beira","concelhos-distrito-da-guarda"],"better_featured_image":{"id":87921,"alt_text":"Casa-da-lageosa","caption":"Guarda Digital","description":"","media_type":"image","media_details":{"width":226,"height":150,"file":"2013\/09\/vista-exterior-Casa-da-lageosa.jpg","sizes":{"thumbnail":{"file":"vista-exterior-Casa-da-lageosa-80x80.jpg","width":80,"height":80,"mime-type":"image\/jpeg","source_url":"https:\/\/beira.pt\/diretorio\/wp-content\/uploads\/sites\/14\/2013\/09\/vista-exterior-Casa-da-lageosa-80x80.jpg"},"imgx360x185":{"file":"vista-exterior-Casa-da-lageosa-360x185.jpg","width":360,"height":185,"mime-type":"image\/jpeg","source_url":"https:\/\/beira.pt\/diretorio\/wp-content\/uploads\/sites\/14\/2013\/09\/vista-exterior-Casa-da-lageosa-360x185.jpg"},"imgx750x400":{"file":"vista-exterior-Casa-da-lageosa-750x400.jpg","width":750,"height":400,"mime-type":"image\/jpeg","source_url":"https:\/\/beira.pt\/diretorio\/wp-content\/uploads\/sites\/14\/2013\/09\/vista-exterior-Casa-da-lageosa-750x400.jpg"},"imgx1170x400":{"file":"vista-exterior-Casa-da-lageosa-1170x400.jpg","width":1170,"height":400,"mime-type":"image\/jpeg","source_url":"https:\/\/beira.pt\/diretorio\/wp-content\/uploads\/sites\/14\/2013\/09\/vista-exterior-Casa-da-lageosa-1170x400.jpg"},"argtdyu":{"file":"vista-exterior-Casa-da-lageosa-515x418.jpg","width":515,"height":418,"mime-type":"image\/jpeg","source_url":"https:\/\/beira.pt\/diretorio\/wp-content\/uploads\/sites\/14\/2013\/09\/vista-exterior-Casa-da-lageosa-515x418.jpg"},"rhtoskt":{"file":"vista-exterior-Casa-da-lageosa-515x237.jpg","width":515,"height":237,"mime-type":"image\/jpeg","source_url":"https:\/\/beira.pt\/diretorio\/wp-content\/uploads\/sites\/14\/2013\/09\/vista-exterior-Casa-da-lageosa-515x237.jpg"},"urlsouc":{"file":"vista-exterior-Casa-da-lageosa-253x171.jpg","width":253,"height":171,"mime-type":"image\/jpeg","source_url":"https:\/\/beira.pt\/diretorio\/wp-content\/uploads\/sites\/14\/2013\/09\/vista-exterior-Casa-da-lageosa-253x171.jpg"},"facbook":{"file":"vista-exterior-Casa-da-lageosa-476x249.jpg","width":476,"height":249,"mime-type":"image\/jpeg","source_url":"https:\/\/beira.pt\/diretorio\/wp-content\/uploads\/sites\/14\/2013\/09\/vista-exterior-Casa-da-lageosa-476x249.jpg"}},"image_meta":{"aperture":"0","credit":"","camera":"","caption":"","created_timestamp":"0","copyright":"","focal_length":"0","iso":"0","shutter_speed":"0","title":"","orientation":"0","keywords":[]}},"post":40872,"source_url":"https:\/\/beira.pt\/diretorio\/wp-content\/uploads\/sites\/14\/2013\/09\/vista-exterior-Casa-da-lageosa.jpg"},"acf":{"destacar_na_pagina_principal":"homeo","apresentacao_resumida":"","apresentacao_detalhada":"","envolvencia":"","morada":"","codigo_postal":"","localidade":"","telefone":"","telemovel":"","email":"geral@casadalageosa.com","website":"","plataforma_de_reservas":"","coordenadas":{"address":"6360-070 Lageosa do Mondego","lat":40.6276053,"lng":-7.3374619999999595},"latitude":"","longitude":"","logotipo_da_empresa":null,"galeria_de_fotografias":"","facebook":"","twitter":"","linkedin":"","pinterest":"","instagram":"","youtube":"","horarios":"","periodo_de_ferias":"","outras_informacoes":"","caracteristicas_do_espaco":"","capacidade":"","preco_medio_por_refeicao":"","tipos_de_cozinha":"","ementa":"","n_de_quartos":"4","preco_medio_por_noite":"","check_in":"At\u00e9 \u00e0s 19:00 Horas.","check_out":"At\u00e9 \u00e0s 12:00 Horas.","reservar_no_booking":"","produtos":null,"produto_lider":"nao","identificacao_do_produto_lider":null,"paises_de_exportacao":"","data_de_constituicao_da_empresa":null,"cae":"","setor_de_atividade":"","sub_setor_de_atividade":"","rnal":"","numero_de_contribuinte":"","numero_de_seguranca_social":"","forma_juridica":false,"numero_de_trabalhadores":"","responsavel":"","contacto_telefonico":"","capital_social":"","volume_de_vendas":"","mercados_onde_exerce_atividades":[],"tipo_de_clientes":[]},"jetpack_featured_media_url":"https:\/\/beira.pt\/diretorio\/wp-content\/uploads\/sites\/14\/2013\/09\/vista-exterior-Casa-da-lageosa.jpg","_links":{"self":[{"href":"https:\/\/beira.pt\/diretorio\/wp-json\/wp\/v2\/posts\/40872","targetHints":{"allow":["GET"]}}],"collection":[{"href":"https:\/\/beira.pt\/diretorio\/wp-json\/wp\/v2\/posts"}],"about":[{"href":"https:\/\/beira.pt\/diretorio\/wp-json\/wp\/v2\/types\/post"}],"author":[{"embeddable":true,"href":"https:\/\/beira.pt\/diretorio\/wp-json\/wp\/v2\/users\/1"}],"replies":[{"embeddable":true,"href":"https:\/\/beira.pt\/diretorio\/wp-json\/wp\/v2\/comments?post=40872"}],"version-history":[{"count":0,"href":"https:\/\/beira.pt\/diretorio\/wp-json\/wp\/v2\/posts\/40872\/revisions"}],"wp:featuredmedia":[{"embeddable":true,"href":"https:\/\/beira.pt\/diretorio\/wp-json\/wp\/v2\/media\/87921"}],"wp:attachment":[{"href":"https:\/\/beira.pt\/diretorio\/wp-json\/wp\/v2\/media?parent=40872"}],"wp:term":[{"taxonomy":"category","embeddable":true,"href":"https:\/\/beira.pt\/diretorio\/wp-json\/wp\/v2\/categories?post=40872"},{"taxonomy":"post_tag","embeddable":true,"href":"https:\/\/beira.pt\/diretorio\/wp-json\/wp\/v2\/tags?post=40872"},{"taxonomy":"concelhos","embeddable":true,"href":"https:\/\/beira.pt\/diretorio\/wp-json\/wp\/v2\/concelhos?post=40872"}],"curies":[{"name":"wp","href":"https:\/\/api.w.org\/{rel}","templated":true}]}}