{"id":40797,"date":"2013-09-19T11:40:42","date_gmt":"2013-09-19T10:40:42","guid":{"rendered":"http:\/\/beira.pt\/?p=40797"},"modified":"2018-02-02T12:23:19","modified_gmt":"2018-02-02T12:23:19","slug":"quinta-do-prado-verde","status":"publish","type":"post","link":"https:\/\/beira.pt\/diretorio\/quinta-do-prado-verde\/","title":{"rendered":"Quinta do Prado Verde"},"content":{"rendered":"<p style=\"text-align: justify\">A Quinta do Prado Verde \u00e9 um complexo tur\u00edstico, vocacionado para a realiza\u00e7\u00e3o de eventos, integra um restaurante aberto diariamente ao p\u00fablico em geral. De Inverno a lareira aconchega e no Ver\u00e3o s\u00e3o a piscina e os jardins que refrescam o ambiente.<\/p>\n","protected":false},"excerpt":{"rendered":"<p>\u00abUma quinta expl\u00eandida, localizada em Vilar Formoso, que o vai deixar estarrecido com o bom gosto.\u00bb<\/p>\n","protected":false},"author":3,"featured_media":126129,"comment_status":"closed","ping_status":"closed","sticky":false,"template":"","format":"image","meta":{"_acf_changed":false,"advanced_seo_description":"","jetpack_seo_html_title":"","jetpack_seo_noindex":false,"footnotes":""},"categories":[41,7932,42,658,80],"tags":[9552,11245,2155,5781],"concelhos":[18,17],"class_list":["post-40797","post","type-post","status-publish","format-image","has-post-thumbnail","hentry","category-alojamento","category-casas-de-campo","category-restauracao","category-restaurantes","category-turismo-no-espaco-rural","tag-almeida","tag-quinta-do-prado-verde","tag-restaurante","tag-vilar-formoso","post_format-post-format-image","concelhos-almeida","concelhos-distrito-da-guarda"],"better_featured_image":{"id":126129,"alt_text":"","caption":"","description":"","media_type":"image","media_details":{"width":1024,"height":683,"file":"2013\/09\/suite-1.jpg","sizes":{"medium":{"file":"suite-1-300x200.jpg","width":300,"height":200,"mime-type":"image\/jpeg","source_url":"https:\/\/beira.pt\/diretorio\/wp-content\/uploads\/sites\/14\/2013\/09\/suite-1-300x200.jpg"},"thumbnail":{"file":"suite-1-80x80.jpg","width":80,"height":80,"mime-type":"image\/jpeg","source_url":"https:\/\/beira.pt\/diretorio\/wp-content\/uploads\/sites\/14\/2013\/09\/suite-1-80x80.jpg"},"medium_large":{"file":"suite-1-768x512.jpg","width":768,"height":512,"mime-type":"image\/jpeg","source_url":"https:\/\/beira.pt\/diretorio\/wp-content\/uploads\/sites\/14\/2013\/09\/suite-1-768x512.jpg"},"imgx360x185":{"file":"suite-1-360x185.jpg","width":360,"height":185,"mime-type":"image\/jpeg","source_url":"https:\/\/beira.pt\/diretorio\/wp-content\/uploads\/sites\/14\/2013\/09\/suite-1-360x185.jpg"},"imgx750x400":{"file":"suite-1-750x400.jpg","width":750,"height":400,"mime-type":"image\/jpeg","source_url":"https:\/\/beira.pt\/diretorio\/wp-content\/uploads\/sites\/14\/2013\/09\/suite-1-750x400.jpg"},"imgx1170x400":{"file":"suite-1-1170x400.jpg","width":1170,"height":400,"mime-type":"image\/jpeg","source_url":"https:\/\/beira.pt\/diretorio\/wp-content\/uploads\/sites\/14\/2013\/09\/suite-1-1170x400.jpg"},"argtdyu":{"file":"suite-1-515x418.jpg","width":515,"height":418,"mime-type":"image\/jpeg","source_url":"https:\/\/beira.pt\/diretorio\/wp-content\/uploads\/sites\/14\/2013\/09\/suite-1-515x418.jpg"},"rhtoskt":{"file":"suite-1-515x237.jpg","width":515,"height":237,"mime-type":"image\/jpeg","source_url":"https:\/\/beira.pt\/diretorio\/wp-content\/uploads\/sites\/14\/2013\/09\/suite-1-515x237.jpg"},"urlsouc":{"file":"suite-1-253x171.jpg","width":253,"height":171,"mime-type":"image\/jpeg","source_url":"https:\/\/beira.pt\/diretorio\/wp-content\/uploads\/sites\/14\/2013\/09\/suite-1-253x171.jpg"},"facbook":{"file":"suite-1-476x249.jpg","width":476,"height":249,"mime-type":"image\/jpeg","source_url":"https:\/\/beira.pt\/diretorio\/wp-content\/uploads\/sites\/14\/2013\/09\/suite-1-476x249.jpg"}},"image_meta":{"aperture":"11","credit":"","camera":"Canon EOS 5D Mark II","caption":"","created_timestamp":"1499810423","copyright":"","focal_length":"24","iso":"100","shutter_speed":"2.5","title":"","orientation":"0","keywords":[]}},"post":40797,"source_url":"https:\/\/beira.pt\/diretorio\/wp-content\/uploads\/sites\/14\/2013\/09\/suite-1.jpg"},"acf":{"destacar_na_pagina_principal":"homeo","apresentacao_resumida":"","apresentacao_detalhada":"","envolvencia":"","morada":"Quinta do Prado Verde, 6355-286 Vilar Formoso","codigo_postal":"6355-286","localidade":"Vilar Formoso","telefone":"(+351) 271 511 413","telemovel":"","email":"quintapradoverde@gmail.com","website":"http:\/\/quintapradoverde.wixsite.com\/copia","plataforma_de_reservas":"","coordenadas":{"address":"E80, 6355-339 Vilar Formoso, Portugal","lat":40.61479741700174,"lng":-6.8280015885829926},"latitude":"","longitude":"","logotipo_da_empresa":null,"galeria_de_fotografias":[125140,125099,126130,126121,125127,125133,125138,125137,125131,125124,125119,125116,125115,125114,125113,125112,125109,125108,125107,125106,125102,125101,125098,125097,125096,125092,125090,125087,125088,125086,126117,125089,126108,126107,125085,125142,125093],"facebook":"https:\/\/www.facebook.com\/pages\/Quinta-do-Prado-Verde\/271949396159611","twitter":"","linkedin":"","pinterest":"","instagram":"","youtube":"","horarios":"","periodo_de_ferias":"","outras_informacoes":"Tamb\u00e9m disponibiliza ao p\u00fablico servi\u00e7o de alojamento.\r\n\r\nSituada num edif\u00edcio com um jardim, a Quinta do Prado Verde \u00e9 uma casa de campo localizada em Vilar Formoso, que oferece acesso Wi-Fi gratuito. Existe estacionamento privado gratuito no local.\r\n\r\nCada unidade desta casa de campo disponibiliza um terra\u00e7o com vista para a montanha, uma televis\u00e3o de ecr\u00e3 plano com canais por sat\u00e9lite, uma kitchenette bem equipada e uma casa de banho privativa com uma banheira ou um chuveiro. Todas as unidades possuem uma varanda com vistas para a montanha.\r\n\r\nOs h\u00f3spedes podem jantar no restaurante no local.\r\n\r\nA Quinta do Prado Verde possui um parque infantil.\r\n\r\nH\u00e1 um terra\u00e7o no local e os h\u00f3spedes podem fazer caminhadas nas proximidades do alojamento.\r\n\r\n[gallery columns=\"9\" link=\"file\" ids=\"126155,126154,126153,126152,126151,126145,126143,126141,126140,126139,126138,126134,126135,126133,126131,126130,126122,126148\"]","caracteristicas_do_espaco":"","capacidade":"","preco_medio_por_refeicao":"","tipos_de_cozinha":"Tradicional Portuguesa, Espanhola","ementa":"","n_de_quartos":"5","preco_medio_por_noite":"","check_in":"","check_out":"","reservar_no_booking":"https:\/\/www.booking.com\/hotel\/pt\/quinta-do-prado-verde.pt-pt.html","produtos":null,"produto_lider":"nao","identificacao_do_produto_lider":null,"paises_de_exportacao":"","data_de_constituicao_da_empresa":null,"cae":"","setor_de_atividade":"","sub_setor_de_atividade":"","rnal":"","numero_de_contribuinte":"","numero_de_seguranca_social":"","forma_juridica":"Empres\u00e1rio em nome individual","numero_de_trabalhadores":"","responsavel":"","contacto_telefonico":"","capital_social":"","volume_de_vendas":"","mercados_onde_exerce_atividades":["nacional"],"tipo_de_clientes":""},"jetpack_featured_media_url":"https:\/\/beira.pt\/diretorio\/wp-content\/uploads\/sites\/14\/2013\/09\/suite-1.jpg","_links":{"self":[{"href":"https:\/\/beira.pt\/diretorio\/wp-json\/wp\/v2\/posts\/40797","targetHints":{"allow":["GET"]}}],"collection":[{"href":"https:\/\/beira.pt\/diretorio\/wp-json\/wp\/v2\/posts"}],"about":[{"href":"https:\/\/beira.pt\/diretorio\/wp-json\/wp\/v2\/types\/post"}],"author":[{"embeddable":true,"href":"https:\/\/beira.pt\/diretorio\/wp-json\/wp\/v2\/users\/3"}],"replies":[{"embeddable":true,"href":"https:\/\/beira.pt\/diretorio\/wp-json\/wp\/v2\/comments?post=40797"}],"version-history":[{"count":5,"href":"https:\/\/beira.pt\/diretorio\/wp-json\/wp\/v2\/posts\/40797\/revisions"}],"predecessor-version":[{"id":126175,"href":"https:\/\/beira.pt\/diretorio\/wp-json\/wp\/v2\/posts\/40797\/revisions\/126175"}],"acf:attachment":[{"embeddable":true,"href":"https:\/\/beira.pt\/diretorio\/wp-json\/wp\/v2\/media\/125093"},{"embeddable":true,"href":"https:\/\/beira.pt\/diretorio\/wp-json\/wp\/v2\/media\/125142"},{"embeddable":true,"href":"https:\/\/beira.pt\/diretorio\/wp-json\/wp\/v2\/media\/125085"},{"embeddable":true,"href":"https:\/\/beira.pt\/diretorio\/wp-json\/wp\/v2\/media\/126107"},{"embeddable":true,"href":"https:\/\/beira.pt\/diretorio\/wp-json\/wp\/v2\/media\/126108"},{"embeddable":true,"href":"https:\/\/beira.pt\/diretorio\/wp-json\/wp\/v2\/media\/125089"},{"embeddable":true,"href":"https:\/\/beira.pt\/diretorio\/wp-json\/wp\/v2\/media\/126117"},{"embeddable":true,"href":"https:\/\/beira.pt\/diretorio\/wp-json\/wp\/v2\/media\/125086"},{"embeddable":true,"href":"https:\/\/beira.pt\/diretorio\/wp-json\/wp\/v2\/media\/125088"},{"embeddable":true,"href":"https:\/\/beira.pt\/diretorio\/wp-json\/wp\/v2\/media\/125087"},{"embeddable":true,"href":"https:\/\/beira.pt\/diretorio\/wp-json\/wp\/v2\/media\/125090"},{"embeddable":true,"href":"https:\/\/beira.pt\/diretorio\/wp-json\/wp\/v2\/media\/125092"},{"embeddable":true,"href":"https:\/\/beira.pt\/diretorio\/wp-json\/wp\/v2\/media\/125096"},{"embeddable":true,"href":"https:\/\/beira.pt\/diretorio\/wp-json\/wp\/v2\/media\/125097"},{"embeddable":true,"href":"https:\/\/beira.pt\/diretorio\/wp-json\/wp\/v2\/media\/125098"},{"embeddable":true,"href":"https:\/\/beira.pt\/diretorio\/wp-json\/wp\/v2\/media\/125101"},{"embeddable":true,"href":"https:\/\/beira.pt\/diretorio\/wp-json\/wp\/v2\/media\/125102"},{"embeddable":true,"href":"https:\/\/beira.pt\/diretorio\/wp-json\/wp\/v2\/media\/125106"},{"embeddable":true,"href":"https:\/\/beira.pt\/diretorio\/wp-json\/wp\/v2\/media\/125107"},{"embeddable":true,"href":"https:\/\/beira.pt\/diretorio\/wp-json\/wp\/v2\/media\/125108"},{"embeddable":true,"href":"https:\/\/beira.pt\/diretorio\/wp-json\/wp\/v2\/media\/125109"},{"embeddable":true,"href":"https:\/\/beira.pt\/diretorio\/wp-json\/wp\/v2\/media\/125112"},{"embeddable":true,"href":"https:\/\/beira.pt\/diretorio\/wp-json\/wp\/v2\/media\/125113"},{"embeddable":true,"href":"https:\/\/beira.pt\/diretorio\/wp-json\/wp\/v2\/media\/125114"},{"embeddable":true,"href":"https:\/\/beira.pt\/diretorio\/wp-json\/wp\/v2\/media\/125115"},{"embeddable":true,"href":"https:\/\/beira.pt\/diretorio\/wp-json\/wp\/v2\/media\/125116"},{"embeddable":true,"href":"https:\/\/beira.pt\/diretorio\/wp-json\/wp\/v2\/media\/125119"},{"embeddable":true,"href":"https:\/\/beira.pt\/diretorio\/wp-json\/wp\/v2\/media\/125124"},{"embeddable":true,"href":"https:\/\/beira.pt\/diretorio\/wp-json\/wp\/v2\/media\/125131"},{"embeddable":true,"href":"https:\/\/beira.pt\/diretorio\/wp-json\/wp\/v2\/media\/125137"},{"embeddable":true,"href":"https:\/\/beira.pt\/diretorio\/wp-json\/wp\/v2\/media\/125138"},{"embeddable":true,"href":"https:\/\/beira.pt\/diretorio\/wp-json\/wp\/v2\/media\/125133"},{"embeddable":true,"href":"https:\/\/beira.pt\/diretorio\/wp-json\/wp\/v2\/media\/125127"},{"embeddable":true,"href":"https:\/\/beira.pt\/diretorio\/wp-json\/wp\/v2\/media\/126121"},{"embeddable":true,"href":"https:\/\/beira.pt\/diretorio\/wp-json\/wp\/v2\/media\/126130"},{"embeddable":true,"href":"https:\/\/beira.pt\/diretorio\/wp-json\/wp\/v2\/media\/125099"},{"embeddable":true,"href":"https:\/\/beira.pt\/diretorio\/wp-json\/wp\/v2\/media\/125140"}],"wp:featuredmedia":[{"embeddable":true,"href":"https:\/\/beira.pt\/diretorio\/wp-json\/wp\/v2\/media\/126129"}],"wp:attachment":[{"href":"https:\/\/beira.pt\/diretorio\/wp-json\/wp\/v2\/media?parent=40797"}],"wp:term":[{"taxonomy":"category","embeddable":true,"href":"https:\/\/beira.pt\/diretorio\/wp-json\/wp\/v2\/categories?post=40797"},{"taxonomy":"post_tag","embeddable":true,"href":"https:\/\/beira.pt\/diretorio\/wp-json\/wp\/v2\/tags?post=40797"},{"taxonomy":"concelhos","embeddable":true,"href":"https:\/\/beira.pt\/diretorio\/wp-json\/wp\/v2\/concelhos?post=40797"}],"curies":[{"name":"wp","href":"https:\/\/api.w.org\/{rel}","templated":true}]}}