{"id":40775,"date":"2013-09-19T10:08:33","date_gmt":"2013-09-19T09:08:33","guid":{"rendered":"http:\/\/beira.pt\/?p=40775"},"modified":"2016-08-24T11:03:10","modified_gmt":"2016-08-24T11:03:10","slug":"a-casa-de-pedra","status":"publish","type":"post","link":"https:\/\/beira.pt\/diretorio\/a-casa-de-pedra\/","title":{"rendered":"A Casa de Pedra"},"content":{"rendered":"<div class=\"\" style=\"text-align: justify\">A Casa de Pedra beneficia de uma localiza\u00e7\u00e3o central no interior das muralhas da cidade hist\u00f3rica de Almeida e apresenta apartamentos confort\u00e1veis e tranquilos com acesso wi-fi gratuito. A Casa da Pedra disp\u00f5e de um apartamento com 1 quarto e de um apartamento com 2 quartos. Ambos incluem uma cozinha totalmente equipada, uma casa de banho privativa, uma sala de estar, ar condicionado e uma televis\u00e3o de ecr\u00e3 plano. A uma curta caminhada os h\u00f3spedes poder\u00e3o encontrar v\u00e1rios restaurantes que servem cozinha t\u00edpica da regi\u00e3o. Vilar Formoso est\u00e1 localizado a 16 km, na fronteira com Espanha, e permite alcan\u00e7ar a Auto-estrada A25. O Rio Coa fica a 5 km ao longo da paisagem \u00fanica do distrito da Guarda.<\/div>\n","protected":false},"excerpt":{"rendered":"<p>\u00abA casa de Pedra, edificada no S\u00e9c. XVII, situada no cora\u00e7\u00e3o de Almeida convida-o a desfrutar da tranquilidade e da magn\u00edfica paisagem dos lugares que marcaram a Hist\u00f3ria de Portugal.\u00bb<\/p>\n","protected":false},"author":1,"featured_media":88571,"comment_status":"closed","ping_status":"closed","sticky":false,"template":"","format":"standard","meta":{"_acf_changed":false,"advanced_seo_description":"","jetpack_seo_html_title":"","jetpack_seo_noindex":false,"footnotes":""},"categories":[41,82,80],"tags":[9552,8769,7507],"concelhos":[18,17],"class_list":["post-40775","post","type-post","status-publish","format-standard","has-post-thumbnail","hentry","category-alojamento","category-estabelecimento-hoteleiro","category-turismo-no-espaco-rural","tag-almeida","tag-cimbse","tag-territorios-do-coa","concelhos-almeida","concelhos-distrito-da-guarda"],"better_featured_image":{"id":88571,"alt_text":"A Casa de Pedra","caption":"https:\/\/www.facebook.com\/photo.php?fbid=458450474172279&amp;set=a.458450380838955.126841.458396797510980&amp;type=1&amp;theater","description":"","media_type":"image","media_details":{"width":960,"height":720,"file":"2013\/09\/389201_458450474172279_2083556613_n.jpg","sizes":{"medium":{"file":"389201_458450474172279_2083556613_n-300x225.jpg","width":300,"height":225,"mime-type":"image\/jpeg","source_url":"https:\/\/beira.pt\/diretorio\/wp-content\/uploads\/sites\/14\/2013\/09\/389201_458450474172279_2083556613_n-300x225.jpg"},"thumbnail":{"file":"389201_458450474172279_2083556613_n-80x80.jpg","width":80,"height":80,"mime-type":"image\/jpeg","source_url":"https:\/\/beira.pt\/diretorio\/wp-content\/uploads\/sites\/14\/2013\/09\/389201_458450474172279_2083556613_n-80x80.jpg"},"medium_large":{"file":"389201_458450474172279_2083556613_n-768x576.jpg","width":768,"height":576,"mime-type":"image\/jpeg","source_url":"https:\/\/beira.pt\/diretorio\/wp-content\/uploads\/sites\/14\/2013\/09\/389201_458450474172279_2083556613_n-768x576.jpg"},"imgx360x185":{"file":"389201_458450474172279_2083556613_n-360x185.jpg","width":360,"height":185,"mime-type":"image\/jpeg","source_url":"https:\/\/beira.pt\/diretorio\/wp-content\/uploads\/sites\/14\/2013\/09\/389201_458450474172279_2083556613_n-360x185.jpg"},"imgx750x400":{"file":"389201_458450474172279_2083556613_n-750x400.jpg","width":750,"height":400,"mime-type":"image\/jpeg","source_url":"https:\/\/beira.pt\/diretorio\/wp-content\/uploads\/sites\/14\/2013\/09\/389201_458450474172279_2083556613_n-750x400.jpg"},"imgx1170x400":{"file":"389201_458450474172279_2083556613_n-1170x400.jpg","width":1170,"height":400,"mime-type":"image\/jpeg","source_url":"https:\/\/beira.pt\/diretorio\/wp-content\/uploads\/sites\/14\/2013\/09\/389201_458450474172279_2083556613_n-1170x400.jpg"},"argtdyu":{"file":"389201_458450474172279_2083556613_n-515x418.jpg","width":515,"height":418,"mime-type":"image\/jpeg","source_url":"https:\/\/beira.pt\/diretorio\/wp-content\/uploads\/sites\/14\/2013\/09\/389201_458450474172279_2083556613_n-515x418.jpg"},"rhtoskt":{"file":"389201_458450474172279_2083556613_n-515x237.jpg","width":515,"height":237,"mime-type":"image\/jpeg","source_url":"https:\/\/beira.pt\/diretorio\/wp-content\/uploads\/sites\/14\/2013\/09\/389201_458450474172279_2083556613_n-515x237.jpg"},"urlsouc":{"file":"389201_458450474172279_2083556613_n-253x171.jpg","width":253,"height":171,"mime-type":"image\/jpeg","source_url":"https:\/\/beira.pt\/diretorio\/wp-content\/uploads\/sites\/14\/2013\/09\/389201_458450474172279_2083556613_n-253x171.jpg"},"facbook":{"file":"389201_458450474172279_2083556613_n-476x249.jpg","width":476,"height":249,"mime-type":"image\/jpeg","source_url":"https:\/\/beira.pt\/diretorio\/wp-content\/uploads\/sites\/14\/2013\/09\/389201_458450474172279_2083556613_n-476x249.jpg"}},"image_meta":{"aperture":"0","credit":"","camera":"","caption":"","created_timestamp":"0","copyright":"","focal_length":"0","iso":"0","shutter_speed":"0","title":"","orientation":"0","keywords":[]}},"post":40775,"source_url":"https:\/\/beira.pt\/diretorio\/wp-content\/uploads\/sites\/14\/2013\/09\/389201_458450474172279_2083556613_n.jpg"},"acf":{"destacar_na_pagina_principal":"homeo","apresentacao_resumida":"","apresentacao_detalhada":"","envolvencia":"Toda a magnifica cidade de Almeida.","morada":"Pra\u00e7a da Liberdade n.\u00ba9 6350-130 Almeida","codigo_postal":"6350-130","localidade":"","telefone":"(+351) 271 571 072","telemovel":"(+351) 914 843 760","email":"reservas@casadepedra.com.pt","website":"http:\/\/www.casadepedra.com.pt\/","plataforma_de_reservas":"","coordenadas":{"address":"Pra\u00e7a da Liberdade n.\u00ba9 6350 - 130 Almeida","lat":40.7246772,"lng":-6.9065978999999516},"latitude":"","longitude":"","logotipo_da_empresa":null,"galeria_de_fotografias":[88571,109530,109531,109532],"facebook":"","twitter":"","linkedin":"","pinterest":"","instagram":"","youtube":"","horarios":"","periodo_de_ferias":"","outras_informacoes":"","caracteristicas_do_espaco":"","capacidade":"","preco_medio_por_refeicao":"","tipos_de_cozinha":"","ementa":"","n_de_quartos":"2","preco_medio_por_noite":"","check_in":"","check_out":"","reservar_no_booking":"","produtos":null,"produto_lider":"nao","identificacao_do_produto_lider":null,"paises_de_exportacao":"","data_de_constituicao_da_empresa":null,"cae":"","setor_de_atividade":"","sub_setor_de_atividade":"","rnal":"","numero_de_contribuinte":"","numero_de_seguranca_social":"","forma_juridica":"Empres\u00e1rio em nome individual","numero_de_trabalhadores":"","responsavel":"","contacto_telefonico":"","capital_social":"","volume_de_vendas":"","mercados_onde_exerce_atividades":["nacional"],"tipo_de_clientes":""},"jetpack_featured_media_url":"https:\/\/beira.pt\/diretorio\/wp-content\/uploads\/sites\/14\/2013\/09\/389201_458450474172279_2083556613_n.jpg","_links":{"self":[{"href":"https:\/\/beira.pt\/diretorio\/wp-json\/wp\/v2\/posts\/40775","targetHints":{"allow":["GET"]}}],"collection":[{"href":"https:\/\/beira.pt\/diretorio\/wp-json\/wp\/v2\/posts"}],"about":[{"href":"https:\/\/beira.pt\/diretorio\/wp-json\/wp\/v2\/types\/post"}],"author":[{"embeddable":true,"href":"https:\/\/beira.pt\/diretorio\/wp-json\/wp\/v2\/users\/1"}],"replies":[{"embeddable":true,"href":"https:\/\/beira.pt\/diretorio\/wp-json\/wp\/v2\/comments?post=40775"}],"version-history":[{"count":1,"href":"https:\/\/beira.pt\/diretorio\/wp-json\/wp\/v2\/posts\/40775\/revisions"}],"predecessor-version":[{"id":123247,"href":"https:\/\/beira.pt\/diretorio\/wp-json\/wp\/v2\/posts\/40775\/revisions\/123247"}],"acf:attachment":[{"embeddable":true,"href":"https:\/\/beira.pt\/diretorio\/wp-json\/wp\/v2\/media\/109532"},{"embeddable":true,"href":"https:\/\/beira.pt\/diretorio\/wp-json\/wp\/v2\/media\/109531"},{"embeddable":true,"href":"https:\/\/beira.pt\/diretorio\/wp-json\/wp\/v2\/media\/109530"},{"embeddable":true,"href":"https:\/\/beira.pt\/diretorio\/wp-json\/wp\/v2\/media\/88571"}],"wp:featuredmedia":[{"embeddable":true,"href":"https:\/\/beira.pt\/diretorio\/wp-json\/wp\/v2\/media\/88571"}],"wp:attachment":[{"href":"https:\/\/beira.pt\/diretorio\/wp-json\/wp\/v2\/media?parent=40775"}],"wp:term":[{"taxonomy":"category","embeddable":true,"href":"https:\/\/beira.pt\/diretorio\/wp-json\/wp\/v2\/categories?post=40775"},{"taxonomy":"post_tag","embeddable":true,"href":"https:\/\/beira.pt\/diretorio\/wp-json\/wp\/v2\/tags?post=40775"},{"taxonomy":"concelhos","embeddable":true,"href":"https:\/\/beira.pt\/diretorio\/wp-json\/wp\/v2\/concelhos?post=40775"}],"curies":[{"name":"wp","href":"https:\/\/api.w.org\/{rel}","templated":true}]}}