{"id":130469,"date":"2024-12-06T15:37:30","date_gmt":"2024-12-06T15:37:30","guid":{"rendered":"https:\/\/beira.pt\/diretorio\/?p=130469"},"modified":"2024-12-06T15:44:27","modified_gmt":"2024-12-06T15:44:27","slug":"casa-da-padeira-trancoso","status":"publish","type":"post","link":"https:\/\/beira.pt\/diretorio\/casa-da-padeira-trancoso\/","title":{"rendered":"Casa da Padeira - Trancoso"},"content":{"rendered":"","protected":false},"excerpt":{"rendered":"","protected":false},"author":87,"featured_media":130479,"comment_status":"closed","ping_status":"closed","sticky":false,"template":"","format":"standard","meta":{"_acf_changed":false,"advanced_seo_description":"","jetpack_seo_html_title":"","jetpack_seo_noindex":false,"footnotes":""},"categories":[41,133,419,415],"tags":[11449,11320],"concelhos":[17,29],"class_list":["post-130469","post","type-post","status-publish","format-standard","has-post-thumbnail","hentry","category-alojamento","category-alojamento-local","category-ferroviario","category-transportes","tag-camara-municipal-de-trancoso","tag-municipio-de-trancoso","concelhos-distrito-da-guarda","concelhos-trancoso"],"better_featured_image":{"id":130479,"alt_text":"Quarto Duplo2","caption":"","description":"","media_type":"image","media_details":{"width":1500,"height":1000,"file":"2024\/12\/quarto-duplo2.png","filesize":856428,"sizes":{"medium":{"file":"quarto-duplo2-768x576.png","width":768,"height":576,"mime-type":"image\/png","filesize":923330,"source_url":"https:\/\/beira.pt\/diretorio\/wp-content\/uploads\/sites\/14\/2024\/12\/quarto-duplo2-768x576.png"},"large":{"file":"quarto-duplo2-1030x687.png","width":1030,"height":687,"mime-type":"image\/png","filesize":1458156,"source_url":"https:\/\/beira.pt\/diretorio\/wp-content\/uploads\/sites\/14\/2024\/12\/quarto-duplo2-1030x687.png"},"thumbnail":{"file":"quarto-duplo2-80x80.png","width":80,"height":80,"mime-type":"image\/png","filesize":16849,"source_url":"https:\/\/beira.pt\/diretorio\/wp-content\/uploads\/sites\/14\/2024\/12\/quarto-duplo2-80x80.png"},"medium_large":{"file":"quarto-duplo2-1200x630.png","width":1200,"height":630,"mime-type":"image\/png","filesize":1513738,"source_url":"https:\/\/beira.pt\/diretorio\/wp-content\/uploads\/sites\/14\/2024\/12\/quarto-duplo2-1200x630.png"},"imgx360x185":{"file":"quarto-duplo2-360x185.png","width":360,"height":185,"mime-type":"image\/png","filesize":143521,"source_url":"https:\/\/beira.pt\/diretorio\/wp-content\/uploads\/sites\/14\/2024\/12\/quarto-duplo2-360x185.png"},"imgx750x400":{"file":"quarto-duplo2-750x400.png","width":750,"height":400,"mime-type":"image\/png","filesize":643109,"source_url":"https:\/\/beira.pt\/diretorio\/wp-content\/uploads\/sites\/14\/2024\/12\/quarto-duplo2-750x400.png"},"imgx1170x400":{"file":"quarto-duplo2-1170x400.png","width":1170,"height":400,"mime-type":"image\/png","filesize":902003,"source_url":"https:\/\/beira.pt\/diretorio\/wp-content\/uploads\/sites\/14\/2024\/12\/quarto-duplo2-1170x400.png"},"gform-image-choice-sm":{"file":"quarto-duplo2-300x300.png","width":300,"height":300,"mime-type":"image\/png","filesize":203150,"source_url":"https:\/\/beira.pt\/diretorio\/wp-content\/uploads\/sites\/14\/2024\/12\/quarto-duplo2-300x300.png"},"gform-image-choice-md":{"file":"quarto-duplo2-400x400.png","width":400,"height":400,"mime-type":"image\/png","filesize":355388,"source_url":"https:\/\/beira.pt\/diretorio\/wp-content\/uploads\/sites\/14\/2024\/12\/quarto-duplo2-400x400.png"},"gform-image-choice-lg":{"file":"quarto-duplo2-600x600.png","width":600,"height":600,"mime-type":"image\/png","filesize":776605,"source_url":"https:\/\/beira.pt\/diretorio\/wp-content\/uploads\/sites\/14\/2024\/12\/quarto-duplo2-600x600.png"}},"image_meta":{"aperture":"0","credit":"","camera":"","caption":"","created_timestamp":"0","copyright":"","focal_length":"0","iso":"0","shutter_speed":"0","title":"","orientation":"0","keywords":[]}},"post":130469,"source_url":"https:\/\/beira.pt\/diretorio\/wp-content\/uploads\/sites\/14\/2024\/12\/quarto-duplo2.png"},"acf":{"destacar_na_pagina_principal":"homeo","apresentacao_resumida":"O alojamento local Casa da Padeira \u00e9 uma pitoresca casa de pedra, situada no centro da aldeia de Guilheiro. Com 2 pisos, tem ao dispor dos h\u00f3spedes uma zona de conv\u00edvio, dois quartos e duas casas de banho, sendo ideal para quem pretende descobrir a tranquilidade desta aldeia e localidades circundantes, conhecidas pela magn\u00edfica castanha.","apresentacao_detalhada":"","envolvencia":"","morada":"","codigo_postal":"","localidade":"","telefone":"","telemovel":"","email":"casadapadeira@gmail.com ","website":"","plataforma_de_reservas":"","coordenadas":{"address":"Largo da praca e pelourinho 9, 3640, Portugal","lat":40.898411414787994,"lng":-7.4150332649556,"zoom":14,"place_id":"ChIJkW1PPz6YPA0R5aOwEJIE0B8","street_number":9,"street_name":"Largo da praca e pelourinho","state":"Distrito da Guarda","post_code":3640,"country":"Portugal","country_short":"PT"},"latitude":"","longitude":"","logotipo_da_empresa":"","galeria_de_fotografias":[130481,130480,130479,130482,130478,130477,130476,130475,130474,130473,130472,130471,130470],"facebook":"","twitter":"","linkedin":"","pinterest":"","instagram":"","youtube":"","horarios":"24h","periodo_de_ferias":"","outras_informacoes":"","caracteristicas_do_espaco":"","capacidade":"","preco_medio_por_refeicao":"","tipos_de_cozinha":"","ementa":"","n_de_quartos":"","preco_medio_por_noite":"","check_in":"","check_out":"","reservar_no_booking":"","produtos":null,"produto_lider":"nao","identificacao_do_produto_lider":null,"paises_de_exportacao":"","data_de_constituicao_da_empresa":null,"cae":"","setor_de_atividade":"","sub_setor_de_atividade":"","rnal":"","numero_de_contribuinte":"","numero_de_seguranca_social":"","forma_juridica":"Empres\u00e1rio em nome individual","numero_de_trabalhadores":"","responsavel":"","contacto_telefonico":"","capital_social":"","volume_de_vendas":"","mercados_onde_exerce_atividades":"","tipo_de_clientes":""},"jetpack_featured_media_url":"https:\/\/beira.pt\/diretorio\/wp-content\/uploads\/sites\/14\/2024\/12\/quarto-duplo2.png","_links":{"self":[{"href":"https:\/\/beira.pt\/diretorio\/wp-json\/wp\/v2\/posts\/130469","targetHints":{"allow":["GET"]}}],"collection":[{"href":"https:\/\/beira.pt\/diretorio\/wp-json\/wp\/v2\/posts"}],"about":[{"href":"https:\/\/beira.pt\/diretorio\/wp-json\/wp\/v2\/types\/post"}],"author":[{"embeddable":true,"href":"https:\/\/beira.pt\/diretorio\/wp-json\/wp\/v2\/users\/87"}],"replies":[{"embeddable":true,"href":"https:\/\/beira.pt\/diretorio\/wp-json\/wp\/v2\/comments?post=130469"}],"version-history":[{"count":1,"href":"https:\/\/beira.pt\/diretorio\/wp-json\/wp\/v2\/posts\/130469\/revisions"}],"predecessor-version":[{"id":130483,"href":"https:\/\/beira.pt\/diretorio\/wp-json\/wp\/v2\/posts\/130469\/revisions\/130483"}],"acf:attachment":[{"embeddable":true,"href":"https:\/\/beira.pt\/diretorio\/wp-json\/wp\/v2\/media\/130470"},{"embeddable":true,"href":"https:\/\/beira.pt\/diretorio\/wp-json\/wp\/v2\/media\/130471"},{"embeddable":true,"href":"https:\/\/beira.pt\/diretorio\/wp-json\/wp\/v2\/media\/130472"},{"embeddable":true,"href":"https:\/\/beira.pt\/diretorio\/wp-json\/wp\/v2\/media\/130473"},{"embeddable":true,"href":"https:\/\/beira.pt\/diretorio\/wp-json\/wp\/v2\/media\/130474"},{"embeddable":true,"href":"https:\/\/beira.pt\/diretorio\/wp-json\/wp\/v2\/media\/130475"},{"embeddable":true,"href":"https:\/\/beira.pt\/diretorio\/wp-json\/wp\/v2\/media\/130476"},{"embeddable":true,"href":"https:\/\/beira.pt\/diretorio\/wp-json\/wp\/v2\/media\/130477"},{"embeddable":true,"href":"https:\/\/beira.pt\/diretorio\/wp-json\/wp\/v2\/media\/130478"},{"embeddable":true,"href":"https:\/\/beira.pt\/diretorio\/wp-json\/wp\/v2\/media\/130482"},{"embeddable":true,"href":"https:\/\/beira.pt\/diretorio\/wp-json\/wp\/v2\/media\/130479"},{"embeddable":true,"href":"https:\/\/beira.pt\/diretorio\/wp-json\/wp\/v2\/media\/130480"},{"embeddable":true,"href":"https:\/\/beira.pt\/diretorio\/wp-json\/wp\/v2\/media\/130481"}],"wp:featuredmedia":[{"embeddable":true,"href":"https:\/\/beira.pt\/diretorio\/wp-json\/wp\/v2\/media\/130479"}],"wp:attachment":[{"href":"https:\/\/beira.pt\/diretorio\/wp-json\/wp\/v2\/media?parent=130469"}],"wp:term":[{"taxonomy":"category","embeddable":true,"href":"https:\/\/beira.pt\/diretorio\/wp-json\/wp\/v2\/categories?post=130469"},{"taxonomy":"post_tag","embeddable":true,"href":"https:\/\/beira.pt\/diretorio\/wp-json\/wp\/v2\/tags?post=130469"},{"taxonomy":"concelhos","embeddable":true,"href":"https:\/\/beira.pt\/diretorio\/wp-json\/wp\/v2\/concelhos?post=130469"}],"curies":[{"name":"wp","href":"https:\/\/api.w.org\/{rel}","templated":true}]}}