{"id":130016,"date":"2022-10-06T09:56:23","date_gmt":"2022-10-06T09:56:23","guid":{"rendered":"https:\/\/beira.pt\/diretorio\/?p=130016"},"modified":"2022-10-20T13:25:07","modified_gmt":"2022-10-20T13:25:07","slug":"pacos-do-concelho-trancoso","status":"publish","type":"post","link":"https:\/\/beira.pt\/diretorio\/pacos-do-concelho-trancoso\/","title":{"rendered":"Pa\u00e7os do Concelho - Trancoso"},"content":{"rendered":"","protected":false},"excerpt":{"rendered":"","protected":false},"author":95,"featured_media":130017,"comment_status":"open","ping_status":"open","sticky":false,"template":"","format":"standard","meta":{"_acf_changed":false,"advanced_seo_description":"","jetpack_seo_html_title":"","jetpack_seo_noindex":false,"footnotes":""},"categories":[115],"tags":[12402,12403],"concelhos":[17,29],"class_list":["post-130016","post","type-post","status-publish","format-standard","has-post-thumbnail","hentry","category-patrimonio","tag-o-que-visitar-em-trancoso","tag-visitar-trancoso","concelhos-distrito-da-guarda","concelhos-trancoso"],"better_featured_image":{"id":130017,"alt_text":"","caption":"","description":"","media_type":"image","media_details":{"width":1440,"height":1080,"file":"2022\/10\/municipio-bandarra.jpg","filesize":388805,"sizes":{"medium":{"file":"municipio-bandarra-300x225.jpg","width":300,"height":225,"mime-type":"image\/jpeg","filesize":17669,"source_url":"https:\/\/beira.pt\/diretorio\/wp-content\/uploads\/sites\/14\/2022\/10\/municipio-bandarra-300x225.jpg"},"large":{"file":"municipio-bandarra-1030x773.jpg","width":1030,"height":773,"mime-type":"image\/jpeg","filesize":140899,"source_url":"https:\/\/beira.pt\/diretorio\/wp-content\/uploads\/sites\/14\/2022\/10\/municipio-bandarra-1030x773.jpg"},"thumbnail":{"file":"municipio-bandarra-80x80.jpg","width":80,"height":80,"mime-type":"image\/jpeg","filesize":2715,"source_url":"https:\/\/beira.pt\/diretorio\/wp-content\/uploads\/sites\/14\/2022\/10\/municipio-bandarra-80x80.jpg"},"medium_large":{"file":"municipio-bandarra-768x576.jpg","width":768,"height":576,"mime-type":"image\/jpeg","filesize":85493,"source_url":"https:\/\/beira.pt\/diretorio\/wp-content\/uploads\/sites\/14\/2022\/10\/municipio-bandarra-768x576.jpg"},"imgx360x185":{"file":"municipio-bandarra-360x185.jpg","width":360,"height":185,"mime-type":"image\/jpeg","filesize":17412,"source_url":"https:\/\/beira.pt\/diretorio\/wp-content\/uploads\/sites\/14\/2022\/10\/municipio-bandarra-360x185.jpg"},"imgx750x400":{"file":"municipio-bandarra-750x400.jpg","width":750,"height":400,"mime-type":"image\/jpeg","filesize":60967,"source_url":"https:\/\/beira.pt\/diretorio\/wp-content\/uploads\/sites\/14\/2022\/10\/municipio-bandarra-750x400.jpg"},"imgx1170x400":{"file":"municipio-bandarra-1170x400.jpg","width":1170,"height":400,"mime-type":"image\/jpeg","filesize":86130,"source_url":"https:\/\/beira.pt\/diretorio\/wp-content\/uploads\/sites\/14\/2022\/10\/municipio-bandarra-1170x400.jpg"},"trjteyk":{"file":"municipio-bandarra-841x490.jpg","width":841,"height":490,"mime-type":"image\/jpeg","filesize":81447,"source_url":"https:\/\/beira.pt\/diretorio\/wp-content\/uploads\/sites\/14\/2022\/10\/municipio-bandarra-841x490.jpg"},"ghktotl":{"file":"municipio-bandarra-413x267.jpg","width":413,"height":267,"mime-type":"image\/jpeg","filesize":26662,"source_url":"https:\/\/beira.pt\/diretorio\/wp-content\/uploads\/sites\/14\/2022\/10\/municipio-bandarra-413x267.jpg"},"argtdyu":{"file":"municipio-bandarra-515x418.jpg","width":515,"height":418,"mime-type":"image\/jpeg","filesize":47308,"source_url":"https:\/\/beira.pt\/diretorio\/wp-content\/uploads\/sites\/14\/2022\/10\/municipio-bandarra-515x418.jpg"},"rhtoskt":{"file":"municipio-bandarra-515x237.jpg","width":515,"height":237,"mime-type":"image\/jpeg","filesize":28519,"source_url":"https:\/\/beira.pt\/diretorio\/wp-content\/uploads\/sites\/14\/2022\/10\/municipio-bandarra-515x237.jpg"},"urlsouc":{"file":"municipio-bandarra-253x171.jpg","width":253,"height":171,"mime-type":"image\/jpeg","filesize":12147,"source_url":"https:\/\/beira.pt\/diretorio\/wp-content\/uploads\/sites\/14\/2022\/10\/municipio-bandarra-253x171.jpg"},"facbook":{"file":"municipio-bandarra-476x249.jpg","width":476,"height":249,"mime-type":"image\/jpeg","filesize":28088,"source_url":"https:\/\/beira.pt\/diretorio\/wp-content\/uploads\/sites\/14\/2022\/10\/municipio-bandarra-476x249.jpg"}},"image_meta":{"aperture":"6.3","credit":"","camera":"E5400","caption":"","created_timestamp":"1091960987","copyright":"","focal_length":"5.8","iso":"50","shutter_speed":"0.0046598322460391","title":"","orientation":"1","keywords":[]}},"post":130016,"source_url":"https:\/\/beira.pt\/diretorio\/wp-content\/uploads\/sites\/14\/2022\/10\/municipio-bandarra.jpg"},"acf":{"destacar_na_pagina_principal":"homeo","apresentacao_resumida":"Edif\u00edcio em estilo neocl\u00e1ssico, situado no Antigo Terreiro de S. Jo\u00e3o. As obras de constru\u00e7\u00e3o tiveram in\u00edcio em 1916 e foram finalizadas quatro anos mais tarde. Alberga atualmente os servi\u00e7os da C\u00e2mara Municipal e tem um Sal\u00e3o Nobre cujo teto est\u00e3o ricamente pintadas, as armas de Trancoso. ","apresentacao_detalhada":"","envolvencia":"","morada":"","codigo_postal":"","localidade":"","telefone":"","telemovel":"","email":"","website":"","plataforma_de_reservas":"","coordenadas":{"address":"C\u00e2mara Municipal de Trancoso, Pra\u00e7a do Municipio, Trancoso, Portugal","lat":40.7779712,"lng":-7.350499299999998,"zoom":14,"place_id":"ChIJUZ8vpomTPA0Rw8NbX1Wj0Q0","name":"C\u00e2mara Municipal de Trancoso","street_name":"Pra\u00e7a do Municipio","city":"Trancoso","state":"Guarda","post_code":"6420-039","country":"Portugal","country_short":"PT"},"latitude":"40.777912 ","longitude":"-7.350372","logotipo_da_empresa":"","galeria_de_fotografias":[130017,130018,130019,130020],"facebook":"","twitter":"","linkedin":"","pinterest":"","instagram":"","youtube":"","horarios":"","periodo_de_ferias":"","outras_informacoes":"","caracteristicas_do_espaco":"","capacidade":"","preco_medio_por_refeicao":"","tipos_de_cozinha":"","ementa":"","n_de_quartos":"","preco_medio_por_noite":"","check_in":"","check_out":"","reservar_no_booking":"","produtos":null,"produto_lider":"nao","identificacao_do_produto_lider":null,"paises_de_exportacao":"","data_de_constituicao_da_empresa":null,"cae":"","setor_de_atividade":"","sub_setor_de_atividade":"","rnal":"","numero_de_contribuinte":"","numero_de_seguranca_social":"","forma_juridica":"Empres\u00e1rio em nome individual","numero_de_trabalhadores":"","responsavel":"","contacto_telefonico":"","capital_social":"","volume_de_vendas":"","mercados_onde_exerce_atividades":"","tipo_de_clientes":""},"jetpack_featured_media_url":"https:\/\/beira.pt\/diretorio\/wp-content\/uploads\/sites\/14\/2022\/10\/municipio-bandarra.jpg","_links":{"self":[{"href":"https:\/\/beira.pt\/diretorio\/wp-json\/wp\/v2\/posts\/130016","targetHints":{"allow":["GET"]}}],"collection":[{"href":"https:\/\/beira.pt\/diretorio\/wp-json\/wp\/v2\/posts"}],"about":[{"href":"https:\/\/beira.pt\/diretorio\/wp-json\/wp\/v2\/types\/post"}],"author":[{"embeddable":true,"href":"https:\/\/beira.pt\/diretorio\/wp-json\/wp\/v2\/users\/95"}],"replies":[{"embeddable":true,"href":"https:\/\/beira.pt\/diretorio\/wp-json\/wp\/v2\/comments?post=130016"}],"version-history":[{"count":2,"href":"https:\/\/beira.pt\/diretorio\/wp-json\/wp\/v2\/posts\/130016\/revisions"}],"predecessor-version":[{"id":130047,"href":"https:\/\/beira.pt\/diretorio\/wp-json\/wp\/v2\/posts\/130016\/revisions\/130047"}],"acf:attachment":[{"embeddable":true,"href":"https:\/\/beira.pt\/diretorio\/wp-json\/wp\/v2\/media\/130020"},{"embeddable":true,"href":"https:\/\/beira.pt\/diretorio\/wp-json\/wp\/v2\/media\/130019"},{"embeddable":true,"href":"https:\/\/beira.pt\/diretorio\/wp-json\/wp\/v2\/media\/130018"},{"embeddable":true,"href":"https:\/\/beira.pt\/diretorio\/wp-json\/wp\/v2\/media\/130017"}],"wp:featuredmedia":[{"embeddable":true,"href":"https:\/\/beira.pt\/diretorio\/wp-json\/wp\/v2\/media\/130017"}],"wp:attachment":[{"href":"https:\/\/beira.pt\/diretorio\/wp-json\/wp\/v2\/media?parent=130016"}],"wp:term":[{"taxonomy":"category","embeddable":true,"href":"https:\/\/beira.pt\/diretorio\/wp-json\/wp\/v2\/categories?post=130016"},{"taxonomy":"post_tag","embeddable":true,"href":"https:\/\/beira.pt\/diretorio\/wp-json\/wp\/v2\/tags?post=130016"},{"taxonomy":"concelhos","embeddable":true,"href":"https:\/\/beira.pt\/diretorio\/wp-json\/wp\/v2\/concelhos?post=130016"}],"curies":[{"name":"wp","href":"https:\/\/api.w.org\/{rel}","templated":true}]}}