{"id":129891,"date":"2022-03-24T15:12:04","date_gmt":"2022-03-24T15:12:04","guid":{"rendered":"https:\/\/beira.pt\/diretorio\/?p=129891"},"modified":"2023-06-26T15:20:59","modified_gmt":"2023-06-26T15:20:59","slug":"uniao-de-freguesias-de-prova-e-casteicao","status":"publish","type":"post","link":"https:\/\/beira.pt\/diretorio\/uniao-de-freguesias-de-prova-e-casteicao\/","title":{"rendered":"Uni\u00e3o de Freguesias de Prova e Castei\u00e7\u00e3o"},"content":{"rendered":"","protected":false},"excerpt":{"rendered":"","protected":false},"author":95,"featured_media":129892,"comment_status":"closed","ping_status":"closed","sticky":false,"template":"","format":"standard","meta":{"_acf_changed":false,"advanced_seo_description":"","jetpack_seo_html_title":"","jetpack_seo_noindex":false,"footnotes":""},"categories":[168,170],"tags":[],"concelhos":[17,25],"class_list":["post-129891","post","type-post","status-publish","format-standard","has-post-thumbnail","hentry","category-entidades-publicas","category-juntas-de-freguesias","concelhos-distrito-da-guarda","concelhos-meda"],"better_featured_image":{"id":129892,"alt_text":"","caption":"","description":"","media_type":"image","media_details":{"width":230,"height":219,"file":"2022\/03\/prova-casteicao.jpg","sizes":{"thumbnail":{"file":"prova-casteicao-80x80.jpg","width":80,"height":80,"mime-type":"image\/jpeg","source_url":"https:\/\/beira.pt\/diretorio\/wp-content\/uploads\/sites\/14\/2022\/03\/prova-casteicao-80x80.jpg"},"imgx360x185":{"file":"prova-casteicao-230x185.jpg","width":230,"height":185,"mime-type":"image\/jpeg","source_url":"https:\/\/beira.pt\/diretorio\/wp-content\/uploads\/sites\/14\/2022\/03\/prova-casteicao-230x185.jpg"},"urlsouc":{"file":"prova-casteicao-230x171.jpg","width":230,"height":171,"mime-type":"image\/jpeg","source_url":"https:\/\/beira.pt\/diretorio\/wp-content\/uploads\/sites\/14\/2022\/03\/prova-casteicao-230x171.jpg"}},"image_meta":{"aperture":"0","credit":"","camera":"","caption":"","created_timestamp":"0","copyright":"","focal_length":"0","iso":"0","shutter_speed":"0","title":"","orientation":"0","keywords":[]}},"post":129891,"source_url":"https:\/\/beira.pt\/diretorio\/wp-content\/uploads\/sites\/14\/2022\/03\/prova-casteicao.jpg"},"acf":{"destacar_na_pagina_principal":"homeo","apresentacao_resumida":"","apresentacao_detalhada":"","envolvencia":"","morada":"Largo Devesa","codigo_postal":"6430-341","localidade":"Prova","telefone":"271 894 513","telemovel":"","email":"freguesiaprovacasteicao@gmail.com","website":"","plataforma_de_reservas":"","coordenadas":null,"latitude":"","longitude":"","logotipo_da_empresa":"","galeria_de_fotografias":"","facebook":"","twitter":"","linkedin":"","pinterest":"","instagram":"","youtube":"","horarios":"","periodo_de_ferias":"","outras_informacoes":"","caracteristicas_do_espaco":"","capacidade":"","preco_medio_por_refeicao":"","tipos_de_cozinha":"","ementa":"","n_de_quartos":"","preco_medio_por_noite":"","check_in":"","check_out":"","reservar_no_booking":"","produtos":null,"produto_lider":"nao","identificacao_do_produto_lider":null,"paises_de_exportacao":"","data_de_constituicao_da_empresa":null,"cae":"","setor_de_atividade":"","sub_setor_de_atividade":"","rnal":"","numero_de_contribuinte":"","numero_de_seguranca_social":"","forma_juridica":"Empres\u00e1rio em nome individual","numero_de_trabalhadores":"","responsavel":"","contacto_telefonico":"","capital_social":"","volume_de_vendas":"","mercados_onde_exerce_atividades":"","tipo_de_clientes":""},"jetpack_featured_media_url":"https:\/\/beira.pt\/diretorio\/wp-content\/uploads\/sites\/14\/2022\/03\/prova-casteicao.jpg","_links":{"self":[{"href":"https:\/\/beira.pt\/diretorio\/wp-json\/wp\/v2\/posts\/129891","targetHints":{"allow":["GET"]}}],"collection":[{"href":"https:\/\/beira.pt\/diretorio\/wp-json\/wp\/v2\/posts"}],"about":[{"href":"https:\/\/beira.pt\/diretorio\/wp-json\/wp\/v2\/types\/post"}],"author":[{"embeddable":true,"href":"https:\/\/beira.pt\/diretorio\/wp-json\/wp\/v2\/users\/95"}],"replies":[{"embeddable":true,"href":"https:\/\/beira.pt\/diretorio\/wp-json\/wp\/v2\/comments?post=129891"}],"version-history":[{"count":1,"href":"https:\/\/beira.pt\/diretorio\/wp-json\/wp\/v2\/posts\/129891\/revisions"}],"predecessor-version":[{"id":129893,"href":"https:\/\/beira.pt\/diretorio\/wp-json\/wp\/v2\/posts\/129891\/revisions\/129893"}],"wp:featuredmedia":[{"embeddable":true,"href":"https:\/\/beira.pt\/diretorio\/wp-json\/wp\/v2\/media\/129892"}],"wp:attachment":[{"href":"https:\/\/beira.pt\/diretorio\/wp-json\/wp\/v2\/media?parent=129891"}],"wp:term":[{"taxonomy":"category","embeddable":true,"href":"https:\/\/beira.pt\/diretorio\/wp-json\/wp\/v2\/categories?post=129891"},{"taxonomy":"post_tag","embeddable":true,"href":"https:\/\/beira.pt\/diretorio\/wp-json\/wp\/v2\/tags?post=129891"},{"taxonomy":"concelhos","embeddable":true,"href":"https:\/\/beira.pt\/diretorio\/wp-json\/wp\/v2\/concelhos?post=129891"}],"curies":[{"name":"wp","href":"https:\/\/api.w.org\/{rel}","templated":true}]}}