{"id":129647,"date":"2021-01-21T17:49:33","date_gmt":"2021-01-21T17:49:33","guid":{"rendered":"https:\/\/beira.pt\/diretorio\/?p=129647"},"modified":"2022-10-20T13:33:24","modified_gmt":"2022-10-20T13:33:24","slug":"moreira-de-rei","status":"publish","type":"post","link":"https:\/\/beira.pt\/diretorio\/moreira-de-rei\/","title":{"rendered":"Moreira de Rei"},"content":{"rendered":"","protected":false},"excerpt":{"rendered":"","protected":false},"author":95,"featured_media":129650,"comment_status":"closed","ping_status":"closed","sticky":false,"template":"","format":"standard","meta":{"_acf_changed":false,"advanced_seo_description":"","jetpack_seo_html_title":"","jetpack_seo_noindex":false,"footnotes":""},"categories":[168,1470,115],"tags":[12402,12403],"concelhos":[17,29],"class_list":["post-129647","post","type-post","status-publish","format-standard","has-post-thumbnail","hentry","category-entidades-publicas","category-freguesias","category-patrimonio","tag-o-que-visitar-em-trancoso","tag-visitar-trancoso","concelhos-distrito-da-guarda","concelhos-trancoso"],"better_featured_image":{"id":129650,"alt_text":"","caption":"","description":"","media_type":"image","media_details":{"width":2560,"height":1707,"file":"2021\/01\/moreira-de-rei-antiga-fortaleza-3-scaled.jpg","sizes":{"medium":{"file":"moreira-de-rei-antiga-fortaleza-3-300x200.jpg","width":300,"height":200,"mime-type":"image\/jpeg","source_url":"https:\/\/beira.pt\/diretorio\/wp-content\/uploads\/sites\/14\/2021\/01\/moreira-de-rei-antiga-fortaleza-3-300x200.jpg"},"large":{"file":"moreira-de-rei-antiga-fortaleza-3-1030x687.jpg","width":1030,"height":687,"mime-type":"image\/jpeg","source_url":"https:\/\/beira.pt\/diretorio\/wp-content\/uploads\/sites\/14\/2021\/01\/moreira-de-rei-antiga-fortaleza-3-1030x687.jpg"},"thumbnail":{"file":"moreira-de-rei-antiga-fortaleza-3-80x80.jpg","width":80,"height":80,"mime-type":"image\/jpeg","source_url":"https:\/\/beira.pt\/diretorio\/wp-content\/uploads\/sites\/14\/2021\/01\/moreira-de-rei-antiga-fortaleza-3-80x80.jpg"},"medium_large":{"file":"moreira-de-rei-antiga-fortaleza-3-768x512.jpg","width":768,"height":512,"mime-type":"image\/jpeg","source_url":"https:\/\/beira.pt\/diretorio\/wp-content\/uploads\/sites\/14\/2021\/01\/moreira-de-rei-antiga-fortaleza-3-768x512.jpg"},"1536x1536":{"file":"moreira-de-rei-antiga-fortaleza-3-1536x1024.jpg","width":1536,"height":1024,"mime-type":"image\/jpeg","source_url":"https:\/\/beira.pt\/diretorio\/wp-content\/uploads\/sites\/14\/2021\/01\/moreira-de-rei-antiga-fortaleza-3-1536x1024.jpg"},"2048x2048":{"file":"moreira-de-rei-antiga-fortaleza-3-2048x1365.jpg","width":2048,"height":1365,"mime-type":"image\/jpeg","source_url":"https:\/\/beira.pt\/diretorio\/wp-content\/uploads\/sites\/14\/2021\/01\/moreira-de-rei-antiga-fortaleza-3-2048x1365.jpg"},"imgx360x185":{"file":"moreira-de-rei-antiga-fortaleza-3-360x185.jpg","width":360,"height":185,"mime-type":"image\/jpeg","source_url":"https:\/\/beira.pt\/diretorio\/wp-content\/uploads\/sites\/14\/2021\/01\/moreira-de-rei-antiga-fortaleza-3-360x185.jpg"},"imgx750x400":{"file":"moreira-de-rei-antiga-fortaleza-3-750x400.jpg","width":750,"height":400,"mime-type":"image\/jpeg","source_url":"https:\/\/beira.pt\/diretorio\/wp-content\/uploads\/sites\/14\/2021\/01\/moreira-de-rei-antiga-fortaleza-3-750x400.jpg"},"imgx1170x400":{"file":"moreira-de-rei-antiga-fortaleza-3-1170x400.jpg","width":1170,"height":400,"mime-type":"image\/jpeg","source_url":"https:\/\/beira.pt\/diretorio\/wp-content\/uploads\/sites\/14\/2021\/01\/moreira-de-rei-antiga-fortaleza-3-1170x400.jpg"},"trjteyk":{"file":"moreira-de-rei-antiga-fortaleza-3-841x490.jpg","width":841,"height":490,"mime-type":"image\/jpeg","source_url":"https:\/\/beira.pt\/diretorio\/wp-content\/uploads\/sites\/14\/2021\/01\/moreira-de-rei-antiga-fortaleza-3-841x490.jpg"},"ghktotl":{"file":"moreira-de-rei-antiga-fortaleza-3-413x267.jpg","width":413,"height":267,"mime-type":"image\/jpeg","source_url":"https:\/\/beira.pt\/diretorio\/wp-content\/uploads\/sites\/14\/2021\/01\/moreira-de-rei-antiga-fortaleza-3-413x267.jpg"},"argtdyu":{"file":"moreira-de-rei-antiga-fortaleza-3-515x418.jpg","width":515,"height":418,"mime-type":"image\/jpeg","source_url":"https:\/\/beira.pt\/diretorio\/wp-content\/uploads\/sites\/14\/2021\/01\/moreira-de-rei-antiga-fortaleza-3-515x418.jpg"},"rhtoskt":{"file":"moreira-de-rei-antiga-fortaleza-3-515x237.jpg","width":515,"height":237,"mime-type":"image\/jpeg","source_url":"https:\/\/beira.pt\/diretorio\/wp-content\/uploads\/sites\/14\/2021\/01\/moreira-de-rei-antiga-fortaleza-3-515x237.jpg"},"urlsouc":{"file":"moreira-de-rei-antiga-fortaleza-3-253x171.jpg","width":253,"height":171,"mime-type":"image\/jpeg","source_url":"https:\/\/beira.pt\/diretorio\/wp-content\/uploads\/sites\/14\/2021\/01\/moreira-de-rei-antiga-fortaleza-3-253x171.jpg"},"facbook":{"file":"moreira-de-rei-antiga-fortaleza-3-476x249.jpg","width":476,"height":249,"mime-type":"image\/jpeg","source_url":"https:\/\/beira.pt\/diretorio\/wp-content\/uploads\/sites\/14\/2021\/01\/moreira-de-rei-antiga-fortaleza-3-476x249.jpg"}},"image_meta":{"aperture":"11","credit":"","camera":"Canon EOS 550D","caption":"","created_timestamp":"1406147126","copyright":"","focal_length":"18","iso":"200","shutter_speed":"0.025","title":"","orientation":"1"},"original_image":"moreira-de-rei-antiga-fortaleza-3.jpg"},"post":129647,"source_url":"https:\/\/beira.pt\/diretorio\/wp-content\/uploads\/sites\/14\/2021\/01\/moreira-de-rei-antiga-fortaleza-3-scaled.jpg"},"acf":{"destacar_na_pagina_principal":"homeo","apresentacao_resumida":"Uma das mais importantes freguesias de Trancoso, foi vila e sede do concelho at\u00e9 1836. A comprov\u00e1-lo temos o Pelourinho edificado aquando da atribui\u00e7\u00e3o do Foral Novo, em 1512. Classificado como Monumento Nacional desde 1932, corresponde a uma coluna oitavada de base quadrada e capitel octogonal, assente sobre seis degraus e encimado por uma gaiola onde sobressaem oito colunelos laterais e o coroamento com uma esfera armilar alongada.","apresentacao_detalhada":"As ru\u00ednas da <strong>antiga fortaleza<\/strong> s\u00e3o impressionantes pela hist\u00f3ria que encerram. Restam alguns panos de muralha e vest\u00edgios da Torre de Menagem. Est\u00e1 classificada como Monumento Nacional desde 1932.\r\n\r\nSituada no principal largo da povoa\u00e7\u00e3o, temos a <strong>Igreja de Santa Marinha<\/strong>, datada do s\u00e9culo XIII. A fachada apresenta um portal de arquivoltas, cachorrada e a decora\u00e7\u00e3o simb\u00f3lica do estilo rom\u00e2nico. Na porta principal est\u00e3o gravadas as medidas padr\u00e3o do concelho. O interior \u00e9 de uma s\u00f3 nave.\r\n\r\nNo largo desta igreja e \u00e1rea circundante, encontra-se a maior <strong>necr\u00f3pole de sepulturas escavadas na rocha<\/strong> da Pen\u00ednsula Ib\u00e9rica. Foram j\u00e1 descobertas mais de 600, entre adultos e crian\u00e7as, todas com tipologia antropom\u00f3rfica. Esta necr\u00f3pole est\u00e1 classificada como Monumento Nacional desde 1932.","envolvencia":"","morada":"","codigo_postal":"","localidade":"","telefone":"","telemovel":"","email":"","website":"","plataforma_de_reservas":"","coordenadas":{"address":"Ru\u00ednas do Castelo de Moreira de Rei, Trancoso","lat":40.8281492,"lng":-7.3205196,"zoom":17,"place_id":"ChIJS_F6uBKRPA0RqRI1ifyxVVY","state":"Guarda","post_code":6420,"country":"Portugal","country_short":"PT"},"latitude":"40.830247","longitude":"-7.321838","logotipo_da_empresa":"","galeria_de_fotografias":[129648,129649,129650,129651,129652,130032,130033,130034],"facebook":"","twitter":"","linkedin":"","pinterest":"","instagram":"","youtube":"","horarios":"","periodo_de_ferias":"","outras_informacoes":"","caracteristicas_do_espaco":"","capacidade":"","preco_medio_por_refeicao":"","tipos_de_cozinha":"","ementa":"","n_de_quartos":"","preco_medio_por_noite":"","check_in":"","check_out":"","reservar_no_booking":"","produtos":null,"produto_lider":"nao","identificacao_do_produto_lider":null,"paises_de_exportacao":"","data_de_constituicao_da_empresa":null,"cae":"","setor_de_atividade":"","sub_setor_de_atividade":"","rnal":"","numero_de_contribuinte":"","numero_de_seguranca_social":"","forma_juridica":"Empres\u00e1rio em nome individual","numero_de_trabalhadores":"","responsavel":"","contacto_telefonico":"","capital_social":"","volume_de_vendas":"","mercados_onde_exerce_atividades":"","tipo_de_clientes":""},"jetpack_featured_media_url":"https:\/\/beira.pt\/diretorio\/wp-content\/uploads\/sites\/14\/2021\/01\/moreira-de-rei-antiga-fortaleza-3-scaled.jpg","_links":{"self":[{"href":"https:\/\/beira.pt\/diretorio\/wp-json\/wp\/v2\/posts\/129647","targetHints":{"allow":["GET"]}}],"collection":[{"href":"https:\/\/beira.pt\/diretorio\/wp-json\/wp\/v2\/posts"}],"about":[{"href":"https:\/\/beira.pt\/diretorio\/wp-json\/wp\/v2\/types\/post"}],"author":[{"embeddable":true,"href":"https:\/\/beira.pt\/diretorio\/wp-json\/wp\/v2\/users\/95"}],"replies":[{"embeddable":true,"href":"https:\/\/beira.pt\/diretorio\/wp-json\/wp\/v2\/comments?post=129647"}],"version-history":[{"count":3,"href":"https:\/\/beira.pt\/diretorio\/wp-json\/wp\/v2\/posts\/129647\/revisions"}],"predecessor-version":[{"id":130049,"href":"https:\/\/beira.pt\/diretorio\/wp-json\/wp\/v2\/posts\/129647\/revisions\/130049"}],"acf:attachment":[{"embeddable":true,"href":"https:\/\/beira.pt\/diretorio\/wp-json\/wp\/v2\/media\/130034"},{"embeddable":true,"href":"https:\/\/beira.pt\/diretorio\/wp-json\/wp\/v2\/media\/130033"},{"embeddable":true,"href":"https:\/\/beira.pt\/diretorio\/wp-json\/wp\/v2\/media\/130032"},{"embeddable":true,"href":"https:\/\/beira.pt\/diretorio\/wp-json\/wp\/v2\/media\/129652"},{"embeddable":true,"href":"https:\/\/beira.pt\/diretorio\/wp-json\/wp\/v2\/media\/129651"},{"embeddable":true,"href":"https:\/\/beira.pt\/diretorio\/wp-json\/wp\/v2\/media\/129650"},{"embeddable":true,"href":"https:\/\/beira.pt\/diretorio\/wp-json\/wp\/v2\/media\/129649"},{"embeddable":true,"href":"https:\/\/beira.pt\/diretorio\/wp-json\/wp\/v2\/media\/129648"}],"wp:featuredmedia":[{"embeddable":true,"href":"https:\/\/beira.pt\/diretorio\/wp-json\/wp\/v2\/media\/129650"}],"wp:attachment":[{"href":"https:\/\/beira.pt\/diretorio\/wp-json\/wp\/v2\/media?parent=129647"}],"wp:term":[{"taxonomy":"category","embeddable":true,"href":"https:\/\/beira.pt\/diretorio\/wp-json\/wp\/v2\/categories?post=129647"},{"taxonomy":"post_tag","embeddable":true,"href":"https:\/\/beira.pt\/diretorio\/wp-json\/wp\/v2\/tags?post=129647"},{"taxonomy":"concelhos","embeddable":true,"href":"https:\/\/beira.pt\/diretorio\/wp-json\/wp\/v2\/concelhos?post=129647"}],"curies":[{"name":"wp","href":"https:\/\/api.w.org\/{rel}","templated":true}]}}