{"id":129237,"date":"2020-07-16T14:38:25","date_gmt":"2020-07-16T14:38:25","guid":{"rendered":"https:\/\/beira.pt\/diretorio\/?p=129237"},"modified":"2021-07-21T14:45:00","modified_gmt":"2021-07-21T14:45:00","slug":"vila-gale-serra-da-estrela","status":"publish","type":"post","link":"https:\/\/beira.pt\/diretorio\/vila-gale-serra-da-estrela\/","title":{"rendered":"Vila Gal\u00e9 Serra da Estrela"},"content":{"rendered":"<p>Em pleno vale glaciar do Z\u00eazere, no munic\u00edpio de Manteigas, o Vila Gal\u00e9 Serra da Estrela \u00e9 um hotel de montanha, com 91 quartos, no qual foram investidos cerca de 9 milh\u00f5es de euros.<\/p>\n<p>Localizada junto ao viveiro das trutas, esta unidade tem ainda piscina de hidromassagem e piscina exterior, um restaurante, lobby bar, spa, sal\u00e3o de eventos e estacionamento.<\/p>\n","protected":false},"excerpt":{"rendered":"<p>Em pleno vale glaciar do Z\u00eazere, no munic\u00edpio de Manteigas, o Vila Gal\u00e9 Serra da Estrela \u00e9 um hotel de montanha, com 91 quartos, no qual foram investidos cerca de 9 milh\u00f5es de euros. Localizada junto ao viveiro das trutas, esta unidade tem ainda piscina de hidromassagem e piscina exterior, um restaurante, lobby bar, spa, [&hellip;]<\/p>\n","protected":false},"author":74,"featured_media":129238,"comment_status":"closed","ping_status":"closed","sticky":false,"template":"","format":"standard","meta":{"_acf_changed":false,"advanced_seo_description":"","jetpack_seo_html_title":"","jetpack_seo_noindex":false,"footnotes":""},"categories":[41,82,83],"tags":[4927,9559,11907,12012,240],"concelhos":[17,24],"class_list":["post-129237","post","type-post","status-publish","format-standard","has-post-thumbnail","hentry","category-alojamento","category-estabelecimento-hoteleiro","category-hotel","tag-hotel-2","tag-manteigas","tag-onde-dormir","tag-onde-ficar","tag-turismo-2","concelhos-distrito-da-guarda","concelhos-manteigas"],"better_featured_image":{"id":129238,"alt_text":"","caption":"","description":"","media_type":"image","media_details":{"width":1500,"height":1001,"file":"2020\/07\/01.jpg","sizes":{"medium":{"file":"01-300x200.jpg","width":300,"height":200,"mime-type":"image\/jpeg","source_url":"https:\/\/beira.pt\/diretorio\/wp-content\/uploads\/sites\/14\/2020\/07\/01-300x200.jpg"},"large":{"file":"01-1030x687.jpg","width":1030,"height":687,"mime-type":"image\/jpeg","source_url":"https:\/\/beira.pt\/diretorio\/wp-content\/uploads\/sites\/14\/2020\/07\/01-1030x687.jpg"},"thumbnail":{"file":"01-80x80.jpg","width":80,"height":80,"mime-type":"image\/jpeg","source_url":"https:\/\/beira.pt\/diretorio\/wp-content\/uploads\/sites\/14\/2020\/07\/01-80x80.jpg"},"medium_large":{"file":"01-768x513.jpg","width":768,"height":513,"mime-type":"image\/jpeg","source_url":"https:\/\/beira.pt\/diretorio\/wp-content\/uploads\/sites\/14\/2020\/07\/01-768x513.jpg"},"imgx360x185":{"file":"01-360x185.jpg","width":360,"height":185,"mime-type":"image\/jpeg","source_url":"https:\/\/beira.pt\/diretorio\/wp-content\/uploads\/sites\/14\/2020\/07\/01-360x185.jpg"},"imgx750x400":{"file":"01-750x400.jpg","width":750,"height":400,"mime-type":"image\/jpeg","source_url":"https:\/\/beira.pt\/diretorio\/wp-content\/uploads\/sites\/14\/2020\/07\/01-750x400.jpg"},"imgx1170x400":{"file":"01-1170x400.jpg","width":1170,"height":400,"mime-type":"image\/jpeg","source_url":"https:\/\/beira.pt\/diretorio\/wp-content\/uploads\/sites\/14\/2020\/07\/01-1170x400.jpg"},"argtdyu":{"file":"01-515x418.jpg","width":515,"height":418,"mime-type":"image\/jpeg","source_url":"https:\/\/beira.pt\/diretorio\/wp-content\/uploads\/sites\/14\/2020\/07\/01-515x418.jpg"},"rhtoskt":{"file":"01-515x237.jpg","width":515,"height":237,"mime-type":"image\/jpeg","source_url":"https:\/\/beira.pt\/diretorio\/wp-content\/uploads\/sites\/14\/2020\/07\/01-515x237.jpg"},"urlsouc":{"file":"01-253x171.jpg","width":253,"height":171,"mime-type":"image\/jpeg","source_url":"https:\/\/beira.pt\/diretorio\/wp-content\/uploads\/sites\/14\/2020\/07\/01-253x171.jpg"},"facbook":{"file":"01-476x249.jpg","width":476,"height":249,"mime-type":"image\/jpeg","source_url":"https:\/\/beira.pt\/diretorio\/wp-content\/uploads\/sites\/14\/2020\/07\/01-476x249.jpg"}},"image_meta":{"aperture":"0","credit":"","camera":"","caption":"","created_timestamp":"0","copyright":"","focal_length":"0","iso":"0","shutter_speed":"0","title":"","orientation":"0","keywords":[]}},"post":129237,"source_url":"https:\/\/beira.pt\/diretorio\/wp-content\/uploads\/sites\/14\/2020\/07\/01.jpg"},"acf":{"destacar_na_pagina_principal":"homeo","apresentacao_resumida":" ","apresentacao_detalhada":"","envolvencia":"","morada":"Caldas de Manteigas - Fonte Santa","codigo_postal":"6260-013","localidade":"Manteigas","telefone":"+351 272 240 020","telemovel":"","email":"estrela@vilagale.com","website":"https:\/\/www.vilagale.com\/","plataforma_de_reservas":"https:\/\/reservas.vilagale.com\/engine\/search?lingua=pt&amp;hotel=19701","coordenadas":{"address":"N338, 6260, Portugal","lat":40.382416873528,"lng":-7.5450700521469,"zoom":19,"place_id":"ChIJG8Irz10nPQ0Rmq-KCGD9jUA","street_name":"N338","state":"Guarda","post_code":6260,"country":"Portugal","country_short":"PT"},"latitude":"","longitude":"","logotipo_da_empresa":"","galeria_de_fotografias":[129238,129239,129240,129241,129242,129243],"facebook":"https:\/\/www.facebook.com\/vilagale","twitter":"https:\/\/twitter.com\/vilagalehotels","linkedin":"","pinterest":"","instagram":"https:\/\/www.instagram.com\/vilagale\/","youtube":"https:\/\/www.youtube.com\/c\/VilaGal%C3%A9Hotels","horarios":"","periodo_de_ferias":"","outras_informacoes":"Acesso gratuito \u00e0 internet via wi-fi\r\nGaragem\r\nPiscina de hidromassagem exterior\r\nPiscina Interior e Exterior\r\nServi\u00e7o de lavandaria\r\nAcessos para pessoas com mobilidade reduzida\r\nSatsanga Spa\r\nRece\u00e7\u00e3o 24 horas","caracteristicas_do_espaco":"","capacidade":"","preco_medio_por_refeicao":"","tipos_de_cozinha":"","ementa":"","n_de_quartos":"91","preco_medio_por_noite":"","check_in":"","check_out":"","reservar_no_booking":"","produtos":null,"produto_lider":"nao","identificacao_do_produto_lider":null,"paises_de_exportacao":"","data_de_constituicao_da_empresa":null,"cae":"","setor_de_atividade":"","sub_setor_de_atividade":"","rnal":"RNET 8936","numero_de_contribuinte":"","numero_de_seguranca_social":"","forma_juridica":"Empres\u00e1rio em nome individual","numero_de_trabalhadores":"","responsavel":"","contacto_telefonico":"","capital_social":"","volume_de_vendas":"","mercados_onde_exerce_atividades":"","tipo_de_clientes":""},"jetpack_featured_media_url":"https:\/\/beira.pt\/diretorio\/wp-content\/uploads\/sites\/14\/2020\/07\/01.jpg","_links":{"self":[{"href":"https:\/\/beira.pt\/diretorio\/wp-json\/wp\/v2\/posts\/129237","targetHints":{"allow":["GET"]}}],"collection":[{"href":"https:\/\/beira.pt\/diretorio\/wp-json\/wp\/v2\/posts"}],"about":[{"href":"https:\/\/beira.pt\/diretorio\/wp-json\/wp\/v2\/types\/post"}],"author":[{"embeddable":true,"href":"https:\/\/beira.pt\/diretorio\/wp-json\/wp\/v2\/users\/74"}],"replies":[{"embeddable":true,"href":"https:\/\/beira.pt\/diretorio\/wp-json\/wp\/v2\/comments?post=129237"}],"version-history":[{"count":3,"href":"https:\/\/beira.pt\/diretorio\/wp-json\/wp\/v2\/posts\/129237\/revisions"}],"predecessor-version":[{"id":129770,"href":"https:\/\/beira.pt\/diretorio\/wp-json\/wp\/v2\/posts\/129237\/revisions\/129770"}],"acf:attachment":[{"embeddable":true,"href":"https:\/\/beira.pt\/diretorio\/wp-json\/wp\/v2\/media\/129243"},{"embeddable":true,"href":"https:\/\/beira.pt\/diretorio\/wp-json\/wp\/v2\/media\/129242"},{"embeddable":true,"href":"https:\/\/beira.pt\/diretorio\/wp-json\/wp\/v2\/media\/129241"},{"embeddable":true,"href":"https:\/\/beira.pt\/diretorio\/wp-json\/wp\/v2\/media\/129240"},{"embeddable":true,"href":"https:\/\/beira.pt\/diretorio\/wp-json\/wp\/v2\/media\/129239"},{"embeddable":true,"href":"https:\/\/beira.pt\/diretorio\/wp-json\/wp\/v2\/media\/129238"}],"wp:featuredmedia":[{"embeddable":true,"href":"https:\/\/beira.pt\/diretorio\/wp-json\/wp\/v2\/media\/129238"}],"wp:attachment":[{"href":"https:\/\/beira.pt\/diretorio\/wp-json\/wp\/v2\/media?parent=129237"}],"wp:term":[{"taxonomy":"category","embeddable":true,"href":"https:\/\/beira.pt\/diretorio\/wp-json\/wp\/v2\/categories?post=129237"},{"taxonomy":"post_tag","embeddable":true,"href":"https:\/\/beira.pt\/diretorio\/wp-json\/wp\/v2\/tags?post=129237"},{"taxonomy":"concelhos","embeddable":true,"href":"https:\/\/beira.pt\/diretorio\/wp-json\/wp\/v2\/concelhos?post=129237"}],"curies":[{"name":"wp","href":"https:\/\/api.w.org\/{rel}","templated":true}]}}