{"id":128761,"date":"2019-11-15T12:47:18","date_gmt":"2019-11-15T12:47:18","guid":{"rendered":"https:\/\/beira.pt\/diretorio\/?p=128761"},"modified":"2020-02-05T16:02:29","modified_gmt":"2020-02-05T16:02:29","slug":"terras-de-oiro","status":"publish","type":"post","link":"https:\/\/beira.pt\/diretorio\/terras-de-oiro\/","title":{"rendered":"Terras de Oiro"},"content":{"rendered":"","protected":false},"excerpt":{"rendered":"","protected":false},"author":2,"featured_media":128762,"comment_status":"closed","ping_status":"closed","sticky":false,"template":"","format":"standard","meta":{"_acf_changed":false,"advanced_seo_description":"","jetpack_seo_html_title":"","jetpack_seo_noindex":false,"footnotes":""},"categories":[5338],"tags":[12331,12329,9571],"concelhos":[31,39],"class_list":["post-128761","post","type-post","status-publish","format-standard","has-post-thumbnail","hentry","category-industria-alimentar","tag-produtos","tag-terras-de-oiro","tag-vila-velha-de-rodao","concelhos-distrito-de-castelo-branco","concelhos-vila-velha-de-rodao"],"better_featured_image":{"id":128762,"alt_text":"","caption":"","description":"","media_type":"image","media_details":{"width":800,"height":533,"file":"2019\/11\/terras-oiro.jpg","sizes":{"medium":{"file":"terras-oiro-300x200.jpg","width":300,"height":200,"mime-type":"image\/jpeg","source_url":"https:\/\/beira.pt\/diretorio\/wp-content\/uploads\/sites\/14\/2019\/11\/terras-oiro-300x200.jpg"},"thumbnail":{"file":"terras-oiro-80x80.jpg","width":80,"height":80,"mime-type":"image\/jpeg","source_url":"https:\/\/beira.pt\/diretorio\/wp-content\/uploads\/sites\/14\/2019\/11\/terras-oiro-80x80.jpg"},"medium_large":{"file":"terras-oiro-768x512.jpg","width":768,"height":512,"mime-type":"image\/jpeg","source_url":"https:\/\/beira.pt\/diretorio\/wp-content\/uploads\/sites\/14\/2019\/11\/terras-oiro-768x512.jpg"},"imgx360x185":{"file":"terras-oiro-360x185.jpg","width":360,"height":185,"mime-type":"image\/jpeg","source_url":"https:\/\/beira.pt\/diretorio\/wp-content\/uploads\/sites\/14\/2019\/11\/terras-oiro-360x185.jpg"},"imgx750x400":{"file":"terras-oiro-750x400.jpg","width":750,"height":400,"mime-type":"image\/jpeg","source_url":"https:\/\/beira.pt\/diretorio\/wp-content\/uploads\/sites\/14\/2019\/11\/terras-oiro-750x400.jpg"},"imgx1170x400":{"file":"terras-oiro-1170x400.jpg","width":1170,"height":400,"mime-type":"image\/jpeg","source_url":"https:\/\/beira.pt\/diretorio\/wp-content\/uploads\/sites\/14\/2019\/11\/terras-oiro-1170x400.jpg"},"argtdyu":{"file":"terras-oiro-515x418.jpg","width":515,"height":418,"mime-type":"image\/jpeg","source_url":"https:\/\/beira.pt\/diretorio\/wp-content\/uploads\/sites\/14\/2019\/11\/terras-oiro-515x418.jpg"},"rhtoskt":{"file":"terras-oiro-515x237.jpg","width":515,"height":237,"mime-type":"image\/jpeg","source_url":"https:\/\/beira.pt\/diretorio\/wp-content\/uploads\/sites\/14\/2019\/11\/terras-oiro-515x237.jpg"},"urlsouc":{"file":"terras-oiro-253x171.jpg","width":253,"height":171,"mime-type":"image\/jpeg","source_url":"https:\/\/beira.pt\/diretorio\/wp-content\/uploads\/sites\/14\/2019\/11\/terras-oiro-253x171.jpg"},"facbook":{"file":"terras-oiro-476x249.jpg","width":476,"height":249,"mime-type":"image\/jpeg","source_url":"https:\/\/beira.pt\/diretorio\/wp-content\/uploads\/sites\/14\/2019\/11\/terras-oiro-476x249.jpg"}},"image_meta":{"aperture":"0","credit":"","camera":"","caption":"","created_timestamp":"0","copyright":"","focal_length":"0","iso":"0","shutter_speed":"0","title":"","orientation":"0","keywords":[]}},"post":128761,"source_url":"https:\/\/beira.pt\/diretorio\/wp-content\/uploads\/sites\/14\/2019\/11\/terras-oiro.jpg"},"acf":{"destacar_na_pagina_principal":"homeo","apresentacao_resumida":"Esta marca tem como objetivo representar os produtos do concelho e promov\u00ea-los em Portugal e no estrangeiro, numa clara aposta nos produtos locais, como o azeite, o mel ou o queijo. ","apresentacao_detalhada":"A C\u00e2mara de Vila Velha de R\u00f3d\u00e3o lan\u00e7ou a marca \"Terras de Oiro\" com o objetivo de promover no pa\u00eds e no estrangeiro os produtos locais, como o azeite, o mel e o queijo.\r\n\r\n<!-- \/wp:paragraph --><!-- wp:paragraph -->\r\n\r\nA cria\u00e7\u00e3o da marca \"Terras de Oiro\" surgiu da nossa vontade de diferenciar Vila Velha de R\u00f3d\u00e3o, destacando as condi\u00e7\u00f5es naturais e os produtos de excel\u00eancia da regi\u00e3o, que, a partir de agora, ir\u00e3o estar agrupados na marca Terras de Oiro.\r\n\r\n<!-- \/wp:paragraph --><!-- wp:paragraph -->\r\n\r\nEsta marca tem como objetivo representar os produtos do concelho e promov\u00ea-los em Portugal e no estrangeiro, numa clara aposta nos produtos locais, como o azeite, o mel ou o queijo.","envolvencia":"","morada":"","codigo_postal":"","localidade":"Vila Velha de R\u00f3d\u00e3o","telefone":"","telemovel":"","email":"","website":"","plataforma_de_reservas":"","coordenadas":{"address":"6030 Vila Velha de Rod\u00e3o, Portugal","lat":39.6545102,"lng":-7.6712121,"zoom":14,"place_id":"ChIJAT5l9mv8Fw0RnjBHWxsOBn0","city":"Vila Velha de Rod\u00e3o","state":"Castelo Branco","country":"Portugal","country_short":"PT"},"latitude":" 39.6545102","longitude":"-7.6712121","logotipo_da_empresa":"","galeria_de_fotografias":"","facebook":"","twitter":"","linkedin":"","pinterest":"","instagram":"","youtube":"","horarios":"","periodo_de_ferias":"","outras_informacoes":"","caracteristicas_do_espaco":"","capacidade":"","preco_medio_por_refeicao":"","tipos_de_cozinha":"","ementa":"","n_de_quartos":"","preco_medio_por_noite":"","check_in":"","check_out":"","reservar_no_booking":"","produtos":null,"produto_lider":"nao","identificacao_do_produto_lider":null,"paises_de_exportacao":"","data_de_constituicao_da_empresa":null,"cae":"","setor_de_atividade":"","sub_setor_de_atividade":"","rnal":"","numero_de_contribuinte":"","numero_de_seguranca_social":"","forma_juridica":"Empres\u00e1rio em nome individual","numero_de_trabalhadores":"","responsavel":"","contacto_telefonico":"","capital_social":"","volume_de_vendas":"","mercados_onde_exerce_atividades":"","tipo_de_clientes":""},"jetpack_featured_media_url":"https:\/\/beira.pt\/diretorio\/wp-content\/uploads\/sites\/14\/2019\/11\/terras-oiro.jpg","_links":{"self":[{"href":"https:\/\/beira.pt\/diretorio\/wp-json\/wp\/v2\/posts\/128761","targetHints":{"allow":["GET"]}}],"collection":[{"href":"https:\/\/beira.pt\/diretorio\/wp-json\/wp\/v2\/posts"}],"about":[{"href":"https:\/\/beira.pt\/diretorio\/wp-json\/wp\/v2\/types\/post"}],"author":[{"embeddable":true,"href":"https:\/\/beira.pt\/diretorio\/wp-json\/wp\/v2\/users\/2"}],"replies":[{"embeddable":true,"href":"https:\/\/beira.pt\/diretorio\/wp-json\/wp\/v2\/comments?post=128761"}],"version-history":[{"count":3,"href":"https:\/\/beira.pt\/diretorio\/wp-json\/wp\/v2\/posts\/128761\/revisions"}],"predecessor-version":[{"id":128946,"href":"https:\/\/beira.pt\/diretorio\/wp-json\/wp\/v2\/posts\/128761\/revisions\/128946"}],"wp:featuredmedia":[{"embeddable":true,"href":"https:\/\/beira.pt\/diretorio\/wp-json\/wp\/v2\/media\/128762"}],"wp:attachment":[{"href":"https:\/\/beira.pt\/diretorio\/wp-json\/wp\/v2\/media?parent=128761"}],"wp:term":[{"taxonomy":"category","embeddable":true,"href":"https:\/\/beira.pt\/diretorio\/wp-json\/wp\/v2\/categories?post=128761"},{"taxonomy":"post_tag","embeddable":true,"href":"https:\/\/beira.pt\/diretorio\/wp-json\/wp\/v2\/tags?post=128761"},{"taxonomy":"concelhos","embeddable":true,"href":"https:\/\/beira.pt\/diretorio\/wp-json\/wp\/v2\/concelhos?post=128761"}],"curies":[{"name":"wp","href":"https:\/\/api.w.org\/{rel}","templated":true}]}}