{"id":125909,"date":"2017-11-15T11:07:33","date_gmt":"2017-11-15T11:07:33","guid":{"rendered":"http:\/\/beira.pt\/diretorio\/?p=125909"},"modified":"2018-01-26T16:52:01","modified_gmt":"2018-01-26T16:52:01","slug":"lagoa-comprida","status":"publish","type":"post","link":"https:\/\/beira.pt\/diretorio\/lagoa-comprida\/","title":{"rendered":"Lagoa Comprida - Serra da Estrela"},"content":{"rendered":"<p>A Lagoa Comprida \u00e9 a mais conhecida e a maior das lagoas do maci\u00e7o superior da Serra da Estrela. Constru\u00edda a partir de uma lagoa natural, constitui o principal reservat\u00f3rio de \u00e1gua da serra da Estrela.<\/p>\n<p>Na vertente norte da lagoa observa-se um dos mais interessantes campos de blocos err\u00e1ticos da Serra da Estrela. Estes blocos de granito foram transportados pelos glaciares e abandonados aquando da fus\u00e3o e recuo do gelo.<\/p>\n<p>Este era um antigo glaciar com um quil\u00f3metro de extens\u00e3o. Aproveitando o cov\u00e3o, iniciou-se em 1912 a constru\u00e7\u00e3o da barragem. Em 1914 tinha uma altura de seis metros e em 1934 atingia os 15 metros. Actualmente, desde 1965, tem uma altura de 28 metros. \u00c9 uma barragem do tipo gravidade, formada por tr\u00eas arcos de alvenaria de granito com 1200 metros de desenvolvimento. A albufeira tem a capacidade de cerca de 12 milh\u00f5es de m3 de \u00e1gua, e inunda uma \u00e1rea de 800.000 m2.<\/p>\n<p>Nesta lagoa desaguam dois t\u00faneis: o do Cov\u00e3o do Meio, com 2354 metros que desvia a \u00e1gua das encostas do <a href=\"https:\/\/beira.pt\/diretorio\/planalto-da-torre-serra-da-estrela\/\">Planalto da Torre<\/a> e o do <a href=\"https:\/\/beira.pt\/diretorio\/covao-dos-conchos\/\">Cov\u00e3o dos Conchos<\/a> com 1519 metros que desvia as \u00e1guas da Ribeira das Naves.<\/p>\n<p>A barragem de Lagoa Comprida localiza-se no concelho de Seia, distrito de Guarda. Situa-se na ribeira da Lagoa.<\/p>\n","protected":false},"excerpt":{"rendered":"<p>A Lagoa Comprida \u00e9 a mais conhecida e a maior das lagoas do maci\u00e7o superior da Serra da Estrela. Constru\u00edda a partir de uma lagoa natural, constitui o principal reservat\u00f3rio de \u00e1gua da serra da Estrela. Na vertente norte da lagoa observa-se um dos mais interessantes campos de blocos err\u00e1ticos da Serra da Estrela. Estes [&hellip;]<\/p>\n","protected":false},"author":2,"featured_media":125910,"comment_status":"closed","ping_status":"closed","sticky":false,"template":"","format":"standard","meta":{"_acf_changed":false,"advanced_seo_description":"","jetpack_seo_html_title":"","jetpack_seo_noindex":false,"footnotes":""},"categories":[115,2562],"tags":[],"concelhos":[17,28],"class_list":["post-125909","post","type-post","status-publish","format-standard","has-post-thumbnail","hentry","category-patrimonio","category-patrimonio-natural","concelhos-distrito-da-guarda","concelhos-seia"],"better_featured_image":{"id":125910,"alt_text":"Portal Serra da Estrela","caption":"","description":"","media_type":"image","media_details":{"width":1130,"height":568,"file":"2017\/11\/lagoacompriga.jpg","sizes":{"medium":{"file":"lagoacompriga-300x151.jpg","width":300,"height":151,"mime-type":"image\/jpeg","source_url":"https:\/\/beira.pt\/diretorio\/wp-content\/uploads\/sites\/14\/2017\/11\/lagoacompriga-300x151.jpg"},"large":{"file":"lagoacompriga-1030x518.jpg","width":1030,"height":518,"mime-type":"image\/jpeg","source_url":"https:\/\/beira.pt\/diretorio\/wp-content\/uploads\/sites\/14\/2017\/11\/lagoacompriga-1030x518.jpg"},"thumbnail":{"file":"lagoacompriga-80x80.jpg","width":80,"height":80,"mime-type":"image\/jpeg","source_url":"https:\/\/beira.pt\/diretorio\/wp-content\/uploads\/sites\/14\/2017\/11\/lagoacompriga-80x80.jpg"},"medium_large":{"file":"lagoacompriga-768x386.jpg","width":768,"height":386,"mime-type":"image\/jpeg","source_url":"https:\/\/beira.pt\/diretorio\/wp-content\/uploads\/sites\/14\/2017\/11\/lagoacompriga-768x386.jpg"},"imgx360x185":{"file":"lagoacompriga-360x185.jpg","width":360,"height":185,"mime-type":"image\/jpeg","source_url":"https:\/\/beira.pt\/diretorio\/wp-content\/uploads\/sites\/14\/2017\/11\/lagoacompriga-360x185.jpg"},"imgx750x400":{"file":"lagoacompriga-750x400.jpg","width":750,"height":400,"mime-type":"image\/jpeg","source_url":"https:\/\/beira.pt\/diretorio\/wp-content\/uploads\/sites\/14\/2017\/11\/lagoacompriga-750x400.jpg"},"imgx1170x400":{"file":"lagoacompriga-1170x400.jpg","width":1170,"height":400,"mime-type":"image\/jpeg","source_url":"https:\/\/beira.pt\/diretorio\/wp-content\/uploads\/sites\/14\/2017\/11\/lagoacompriga-1170x400.jpg"},"argtdyu":{"file":"lagoacompriga-515x418.jpg","width":515,"height":418,"mime-type":"image\/jpeg","source_url":"https:\/\/beira.pt\/diretorio\/wp-content\/uploads\/sites\/14\/2017\/11\/lagoacompriga-515x418.jpg"},"rhtoskt":{"file":"lagoacompriga-515x237.jpg","width":515,"height":237,"mime-type":"image\/jpeg","source_url":"https:\/\/beira.pt\/diretorio\/wp-content\/uploads\/sites\/14\/2017\/11\/lagoacompriga-515x237.jpg"},"urlsouc":{"file":"lagoacompriga-253x171.jpg","width":253,"height":171,"mime-type":"image\/jpeg","source_url":"https:\/\/beira.pt\/diretorio\/wp-content\/uploads\/sites\/14\/2017\/11\/lagoacompriga-253x171.jpg"},"facbook":{"file":"lagoacompriga-476x249.jpg","width":476,"height":249,"mime-type":"image\/jpeg","source_url":"https:\/\/beira.pt\/diretorio\/wp-content\/uploads\/sites\/14\/2017\/11\/lagoacompriga-476x249.jpg"}},"image_meta":{"aperture":"0","credit":"","camera":"","caption":"","created_timestamp":"0","copyright":"","focal_length":"0","iso":"0","shutter_speed":"0","title":"","orientation":"0","keywords":[]}},"post":125909,"source_url":"https:\/\/beira.pt\/diretorio\/wp-content\/uploads\/sites\/14\/2017\/11\/lagoacompriga.jpg"},"acf":{"destacar_na_pagina_principal":"homeo","apresentacao_resumida":"","apresentacao_detalhada":"","envolvencia":"","morada":"","codigo_postal":"","localidade":"Seia","telefone":"","telemovel":"","email":"","website":"","plataforma_de_reservas":"","coordenadas":{"address":"N339, 6270 S\u00e3o Rom\u00e3o, Portugal","lat":40.361703482570626,"lng":-7.6454973220825195},"latitude":"","longitude":"","logotipo_da_empresa":null,"galeria_de_fotografias":"","facebook":"","twitter":"","linkedin":"","pinterest":"","instagram":"","youtube":"","horarios":"","periodo_de_ferias":"","outras_informacoes":"","caracteristicas_do_espaco":"","capacidade":"","preco_medio_por_refeicao":"","tipos_de_cozinha":"","ementa":"","n_de_quartos":"","preco_medio_por_noite":"","check_in":"","check_out":"","reservar_no_booking":"","produtos":null,"produto_lider":"nao","identificacao_do_produto_lider":null,"paises_de_exportacao":"","data_de_constituicao_da_empresa":null,"cae":"","setor_de_atividade":"","sub_setor_de_atividade":"","rnal":"","numero_de_contribuinte":"","numero_de_seguranca_social":"","forma_juridica":"Empres\u00e1rio em nome individual","numero_de_trabalhadores":"","responsavel":"","contacto_telefonico":"","capital_social":"","volume_de_vendas":"","mercados_onde_exerce_atividades":"","tipo_de_clientes":""},"jetpack_featured_media_url":"https:\/\/beira.pt\/diretorio\/wp-content\/uploads\/sites\/14\/2017\/11\/lagoacompriga.jpg","_links":{"self":[{"href":"https:\/\/beira.pt\/diretorio\/wp-json\/wp\/v2\/posts\/125909","targetHints":{"allow":["GET"]}}],"collection":[{"href":"https:\/\/beira.pt\/diretorio\/wp-json\/wp\/v2\/posts"}],"about":[{"href":"https:\/\/beira.pt\/diretorio\/wp-json\/wp\/v2\/types\/post"}],"author":[{"embeddable":true,"href":"https:\/\/beira.pt\/diretorio\/wp-json\/wp\/v2\/users\/2"}],"replies":[{"embeddable":true,"href":"https:\/\/beira.pt\/diretorio\/wp-json\/wp\/v2\/comments?post=125909"}],"version-history":[{"count":3,"href":"https:\/\/beira.pt\/diretorio\/wp-json\/wp\/v2\/posts\/125909\/revisions"}],"predecessor-version":[{"id":126051,"href":"https:\/\/beira.pt\/diretorio\/wp-json\/wp\/v2\/posts\/125909\/revisions\/126051"}],"wp:featuredmedia":[{"embeddable":true,"href":"https:\/\/beira.pt\/diretorio\/wp-json\/wp\/v2\/media\/125910"}],"wp:attachment":[{"href":"https:\/\/beira.pt\/diretorio\/wp-json\/wp\/v2\/media?parent=125909"}],"wp:term":[{"taxonomy":"category","embeddable":true,"href":"https:\/\/beira.pt\/diretorio\/wp-json\/wp\/v2\/categories?post=125909"},{"taxonomy":"post_tag","embeddable":true,"href":"https:\/\/beira.pt\/diretorio\/wp-json\/wp\/v2\/tags?post=125909"},{"taxonomy":"concelhos","embeddable":true,"href":"https:\/\/beira.pt\/diretorio\/wp-json\/wp\/v2\/concelhos?post=125909"}],"curies":[{"name":"wp","href":"https:\/\/api.w.org\/{rel}","templated":true}]}}