{"id":124766,"date":"2016-11-29T17:23:28","date_gmt":"2016-11-29T17:23:28","guid":{"rendered":"http:\/\/beira.pt\/diretorio\/?p=124766"},"modified":"2017-06-27T09:00:31","modified_gmt":"2017-06-27T09:00:31","slug":"as-carrapinhadas","status":"publish","type":"post","link":"https:\/\/beira.pt\/diretorio\/as-carrapinhadas\/","title":{"rendered":"As Carrapinhadas"},"content":{"rendered":"<p>As Carrapinhadas contam a sua hist\u00f3ria h\u00e1 sete anos a partir de uma receita de fam\u00edlia com mais de quarenta. Feitas de maneira tradicional, as deliciosas am\u00eandoas caramelizadas, criam a sua forma em tacho de cobre e colher de pau.<\/p>\n<p>Com esp\u00edrito de inova\u00e7\u00e3o e criatividade, resolvemos experimentar novos sabores e estendemos a produ\u00e7\u00e3o \u00e0 avel\u00e3, ao amendoim, \u00e0 am\u00eandoa com gengibre e \u00e0 noz, mas mantivemos o mesmo toque de carinho, dedica\u00e7\u00e3o e tradi\u00e7\u00e3o de h\u00e1 d\u00e9cadas.<\/p>\n<p>Ao sentir as Carrapinhadas, perceber\u00e1 que a sua textura, aroma e sabor s\u00e3o a chave de sucesso para um produto de excel\u00eancia que, conjugadas com um bom vinho ou de forma isolada, podem ser apreciadas em qualquer altura do ano.<\/p>\n<p>Frutos Secos Caramelizados, feitos de maneira artesanal:<\/p>\n<ul>\n<li>Am\u00eandoa;<\/li>\n<li>Avel\u00e3;<\/li>\n<li>Amendoim;<\/li>\n<li>Am\u00eandoa com Gengibre e Noz.<\/li>\n<\/ul>\n","protected":false},"excerpt":{"rendered":"<p>As Carrapinhadas contam a sua hist\u00f3ria h\u00e1 sete anos a partir de uma receita de fam\u00edlia com mais de quarenta. Feitas de maneira tradicional, as deliciosas am\u00eandoas caramelizadas, criam a sua forma em tacho de cobre e colher de pau. Com esp\u00edrito de inova\u00e7\u00e3o e criatividade, resolvemos experimentar novos sabores e estendemos a produ\u00e7\u00e3o \u00e0 [&hellip;]<\/p>\n","protected":false},"author":1,"featured_media":124767,"comment_status":"closed","ping_status":"closed","sticky":false,"template":"","format":"standard","meta":{"_acf_changed":false,"advanced_seo_description":"","jetpack_seo_html_title":"","jetpack_seo_noindex":false,"footnotes":""},"categories":[11420,4873],"tags":[178,11404,11422,43],"concelhos":[34,31],"class_list":["post-124766","post","type-post","status-publish","format-standard","has-post-thumbnail","hentry","category-frutos-secos","category-produtos-regionais","tag-covilha","tag-eco-raia-2016","tag-frutos-secos","tag-serra-da-estrela","concelhos-covilha","concelhos-distrito-de-castelo-branco"],"better_featured_image":{"id":124767,"alt_text":"","caption":"","description":"","media_type":"image","media_details":{"width":960,"height":640,"file":"2016\/11\/10580227-968291586539743-7020798077382515608-n.jpg","sizes":{"medium":{"file":"10580227-968291586539743-7020798077382515608-n-300x200.jpg","width":300,"height":200,"mime-type":"image\/jpeg","source_url":"https:\/\/beira.pt\/diretorio\/wp-content\/uploads\/sites\/14\/2016\/11\/10580227-968291586539743-7020798077382515608-n-300x200.jpg"},"thumbnail":{"file":"10580227-968291586539743-7020798077382515608-n-80x80.jpg","width":80,"height":80,"mime-type":"image\/jpeg","source_url":"https:\/\/beira.pt\/diretorio\/wp-content\/uploads\/sites\/14\/2016\/11\/10580227-968291586539743-7020798077382515608-n-80x80.jpg"},"medium_large":{"file":"10580227-968291586539743-7020798077382515608-n-768x512.jpg","width":768,"height":512,"mime-type":"image\/jpeg","source_url":"https:\/\/beira.pt\/diretorio\/wp-content\/uploads\/sites\/14\/2016\/11\/10580227-968291586539743-7020798077382515608-n-768x512.jpg"},"imgx360x185":{"file":"10580227-968291586539743-7020798077382515608-n-360x185.jpg","width":360,"height":185,"mime-type":"image\/jpeg","source_url":"https:\/\/beira.pt\/diretorio\/wp-content\/uploads\/sites\/14\/2016\/11\/10580227-968291586539743-7020798077382515608-n-360x185.jpg"},"imgx750x400":{"file":"10580227-968291586539743-7020798077382515608-n-750x400.jpg","width":750,"height":400,"mime-type":"image\/jpeg","source_url":"https:\/\/beira.pt\/diretorio\/wp-content\/uploads\/sites\/14\/2016\/11\/10580227-968291586539743-7020798077382515608-n-750x400.jpg"},"imgx1170x400":{"file":"10580227-968291586539743-7020798077382515608-n-1170x400.jpg","width":1170,"height":400,"mime-type":"image\/jpeg","source_url":"https:\/\/beira.pt\/diretorio\/wp-content\/uploads\/sites\/14\/2016\/11\/10580227-968291586539743-7020798077382515608-n-1170x400.jpg"},"argtdyu":{"file":"10580227-968291586539743-7020798077382515608-n-515x418.jpg","width":515,"height":418,"mime-type":"image\/jpeg","source_url":"https:\/\/beira.pt\/diretorio\/wp-content\/uploads\/sites\/14\/2016\/11\/10580227-968291586539743-7020798077382515608-n-515x418.jpg"},"rhtoskt":{"file":"10580227-968291586539743-7020798077382515608-n-515x237.jpg","width":515,"height":237,"mime-type":"image\/jpeg","source_url":"https:\/\/beira.pt\/diretorio\/wp-content\/uploads\/sites\/14\/2016\/11\/10580227-968291586539743-7020798077382515608-n-515x237.jpg"},"urlsouc":{"file":"10580227-968291586539743-7020798077382515608-n-253x171.jpg","width":253,"height":171,"mime-type":"image\/jpeg","source_url":"https:\/\/beira.pt\/diretorio\/wp-content\/uploads\/sites\/14\/2016\/11\/10580227-968291586539743-7020798077382515608-n-253x171.jpg"},"facbook":{"file":"10580227-968291586539743-7020798077382515608-n-476x249.jpg","width":476,"height":249,"mime-type":"image\/jpeg","source_url":"https:\/\/beira.pt\/diretorio\/wp-content\/uploads\/sites\/14\/2016\/11\/10580227-968291586539743-7020798077382515608-n-476x249.jpg"}},"image_meta":{"aperture":"0","credit":"","camera":"","caption":"","created_timestamp":"0","copyright":"","focal_length":"0","iso":"0","shutter_speed":"0","title":"","orientation":"0","keywords":[]}},"post":124766,"source_url":"https:\/\/beira.pt\/diretorio\/wp-content\/uploads\/sites\/14\/2016\/11\/10580227-968291586539743-7020798077382515608-n.jpg"},"acf":{"destacar_na_pagina_principal":"homeo","apresentacao_resumida":"","apresentacao_detalhada":"","envolvencia":"","morada":"Quinta das Rosas, Lote 15, 4.\u00ba Esq, 6200 Covilh\u00e3  \u2013 Covilh\u00e3, PORTUGAL","codigo_postal":"","localidade":"","telefone":"","telemovel":"(+351) 966670844","email":"as.carrapinhadas@gmail.com","website":"","plataforma_de_reservas":"","coordenadas":{"address":"Quinta das Rosas, Lote 15, 4.\u00ba Esq, 6200 Covilh\u00e3  \u2013 Covilh\u00e3, PORTUGAL","lat":40.2804158,"lng":-7.492240700000025},"latitude":"","longitude":"","logotipo_da_empresa":null,"galeria_de_fotografias":[124769,124768,124770,124771,124773],"facebook":"https:\/\/www.facebook.com\/AsCarrapinhadas\/","twitter":"","linkedin":"","pinterest":"","instagram":"","youtube":"","horarios":"","periodo_de_ferias":"","outras_informacoes":"","caracteristicas_do_espaco":"","capacidade":"","preco_medio_por_refeicao":"","tipos_de_cozinha":"","ementa":"","n_de_quartos":"","preco_medio_por_noite":"","check_in":"","check_out":"","reservar_no_booking":"","produtos":null,"produto_lider":"nao","identificacao_do_produto_lider":null,"paises_de_exportacao":"","data_de_constituicao_da_empresa":null,"cae":"","setor_de_atividade":"","sub_setor_de_atividade":"","rnal":"","numero_de_contribuinte":"","numero_de_seguranca_social":"","forma_juridica":"Empres\u00e1rio em nome individual","numero_de_trabalhadores":"","responsavel":"","contacto_telefonico":"","capital_social":"","volume_de_vendas":"","mercados_onde_exerce_atividades":"","tipo_de_clientes":""},"jetpack_featured_media_url":"https:\/\/beira.pt\/diretorio\/wp-content\/uploads\/sites\/14\/2016\/11\/10580227-968291586539743-7020798077382515608-n.jpg","_links":{"self":[{"href":"https:\/\/beira.pt\/diretorio\/wp-json\/wp\/v2\/posts\/124766","targetHints":{"allow":["GET"]}}],"collection":[{"href":"https:\/\/beira.pt\/diretorio\/wp-json\/wp\/v2\/posts"}],"about":[{"href":"https:\/\/beira.pt\/diretorio\/wp-json\/wp\/v2\/types\/post"}],"author":[{"embeddable":true,"href":"https:\/\/beira.pt\/diretorio\/wp-json\/wp\/v2\/users\/1"}],"replies":[{"embeddable":true,"href":"https:\/\/beira.pt\/diretorio\/wp-json\/wp\/v2\/comments?post=124766"}],"version-history":[{"count":2,"href":"https:\/\/beira.pt\/diretorio\/wp-json\/wp\/v2\/posts\/124766\/revisions"}],"predecessor-version":[{"id":124777,"href":"https:\/\/beira.pt\/diretorio\/wp-json\/wp\/v2\/posts\/124766\/revisions\/124777"}],"acf:attachment":[{"embeddable":true,"href":"https:\/\/beira.pt\/diretorio\/wp-json\/wp\/v2\/media\/124773"},{"embeddable":true,"href":"https:\/\/beira.pt\/diretorio\/wp-json\/wp\/v2\/media\/124771"},{"embeddable":true,"href":"https:\/\/beira.pt\/diretorio\/wp-json\/wp\/v2\/media\/124770"},{"embeddable":true,"href":"https:\/\/beira.pt\/diretorio\/wp-json\/wp\/v2\/media\/124768"},{"embeddable":true,"href":"https:\/\/beira.pt\/diretorio\/wp-json\/wp\/v2\/media\/124769"}],"wp:featuredmedia":[{"embeddable":true,"href":"https:\/\/beira.pt\/diretorio\/wp-json\/wp\/v2\/media\/124767"}],"wp:attachment":[{"href":"https:\/\/beira.pt\/diretorio\/wp-json\/wp\/v2\/media?parent=124766"}],"wp:term":[{"taxonomy":"category","embeddable":true,"href":"https:\/\/beira.pt\/diretorio\/wp-json\/wp\/v2\/categories?post=124766"},{"taxonomy":"post_tag","embeddable":true,"href":"https:\/\/beira.pt\/diretorio\/wp-json\/wp\/v2\/tags?post=124766"},{"taxonomy":"concelhos","embeddable":true,"href":"https:\/\/beira.pt\/diretorio\/wp-json\/wp\/v2\/concelhos?post=124766"}],"curies":[{"name":"wp","href":"https:\/\/api.w.org\/{rel}","templated":true}]}}