{"id":124391,"date":"2016-11-04T10:10:37","date_gmt":"2016-11-04T10:10:37","guid":{"rendered":"http:\/\/beira.pt\/diretorio\/?p=124391"},"modified":"2023-06-17T07:58:58","modified_gmt":"2023-06-17T07:58:58","slug":"restaurante-isabel-aragao","status":"publish","type":"post","link":"https:\/\/beira.pt\/diretorio\/restaurante-isabel-aragao\/","title":{"rendered":"Restaurante Isabel de Arag\u00e3o"},"content":{"rendered":"","protected":false},"excerpt":{"rendered":"","protected":false},"author":2,"featured_media":124393,"comment_status":"closed","ping_status":"closed","sticky":false,"template":"","format":"standard","meta":{"_acf_changed":false,"advanced_seo_description":"","jetpack_seo_html_title":"","jetpack_seo_noindex":false,"footnotes":""},"categories":[42,658],"tags":[11337],"concelhos":[17,25],"class_list":["post-124391","post","type-post","status-publish","format-standard","has-post-thumbnail","hentry","category-restauracao","category-restaurantes","tag-municipio-de-meda","concelhos-distrito-da-guarda","concelhos-meda"],"better_featured_image":{"id":124393,"alt_text":"","caption":"","description":"","media_type":"image","media_details":{"width":2560,"height":1715,"file":"2016\/11\/restaurante-isabel-de-aragao0-scaled.jpg","sizes":{"medium":{"file":"restaurante-isabel-de-aragao0-scaled-300x201.jpg","width":300,"height":201,"mime-type":"image\/jpeg","source_url":"https:\/\/beira.pt\/diretorio\/wp-content\/uploads\/sites\/14\/2016\/11\/restaurante-isabel-de-aragao0-scaled-300x201.jpg"},"large":{"file":"restaurante-isabel-de-aragao0-scaled-1030x690.jpg","width":1030,"height":690,"mime-type":"image\/jpeg","source_url":"https:\/\/beira.pt\/diretorio\/wp-content\/uploads\/sites\/14\/2016\/11\/restaurante-isabel-de-aragao0-scaled-1030x690.jpg"},"thumbnail":{"file":"restaurante-isabel-de-aragao0-scaled-80x80.jpg","width":80,"height":80,"mime-type":"image\/jpeg","source_url":"https:\/\/beira.pt\/diretorio\/wp-content\/uploads\/sites\/14\/2016\/11\/restaurante-isabel-de-aragao0-scaled-80x80.jpg"},"medium_large":{"file":"restaurante-isabel-de-aragao0-scaled-768x515.jpg","width":768,"height":515,"mime-type":"image\/jpeg","source_url":"https:\/\/beira.pt\/diretorio\/wp-content\/uploads\/sites\/14\/2016\/11\/restaurante-isabel-de-aragao0-scaled-768x515.jpg"},"1536x1536":{"file":"restaurante-isabel-de-aragao0-scaled-1536x1029.jpg","width":1536,"height":1029,"mime-type":"image\/jpeg","source_url":"https:\/\/beira.pt\/diretorio\/wp-content\/uploads\/sites\/14\/2016\/11\/restaurante-isabel-de-aragao0-scaled-1536x1029.jpg"},"2048x2048":{"file":"restaurante-isabel-de-aragao0-scaled-2048x1372.jpg","width":2048,"height":1372,"mime-type":"image\/jpeg","source_url":"https:\/\/beira.pt\/diretorio\/wp-content\/uploads\/sites\/14\/2016\/11\/restaurante-isabel-de-aragao0-scaled-2048x1372.jpg"},"imgx360x185":{"file":"restaurante-isabel-de-aragao0-scaled-360x185.jpg","width":360,"height":185,"mime-type":"image\/jpeg","source_url":"https:\/\/beira.pt\/diretorio\/wp-content\/uploads\/sites\/14\/2016\/11\/restaurante-isabel-de-aragao0-scaled-360x185.jpg"},"imgx750x400":{"file":"restaurante-isabel-de-aragao0-scaled-750x400.jpg","width":750,"height":400,"mime-type":"image\/jpeg","source_url":"https:\/\/beira.pt\/diretorio\/wp-content\/uploads\/sites\/14\/2016\/11\/restaurante-isabel-de-aragao0-scaled-750x400.jpg"},"imgx1170x400":{"file":"restaurante-isabel-de-aragao0-scaled-1170x400.jpg","width":1170,"height":400,"mime-type":"image\/jpeg","source_url":"https:\/\/beira.pt\/diretorio\/wp-content\/uploads\/sites\/14\/2016\/11\/restaurante-isabel-de-aragao0-scaled-1170x400.jpg"},"argtdyu":{"file":"restaurante-isabel-de-aragao0-scaled-515x418.jpg","width":515,"height":418,"mime-type":"image\/jpeg","source_url":"https:\/\/beira.pt\/diretorio\/wp-content\/uploads\/sites\/14\/2016\/11\/restaurante-isabel-de-aragao0-scaled-515x418.jpg"},"rhtoskt":{"file":"restaurante-isabel-de-aragao0-scaled-515x237.jpg","width":515,"height":237,"mime-type":"image\/jpeg","source_url":"https:\/\/beira.pt\/diretorio\/wp-content\/uploads\/sites\/14\/2016\/11\/restaurante-isabel-de-aragao0-scaled-515x237.jpg"},"urlsouc":{"file":"restaurante-isabel-de-aragao0-scaled-253x171.jpg","width":253,"height":171,"mime-type":"image\/jpeg","source_url":"https:\/\/beira.pt\/diretorio\/wp-content\/uploads\/sites\/14\/2016\/11\/restaurante-isabel-de-aragao0-scaled-253x171.jpg"},"facbook":{"file":"restaurante-isabel-de-aragao0-scaled-476x249.jpg","width":476,"height":249,"mime-type":"image\/jpeg","source_url":"https:\/\/beira.pt\/diretorio\/wp-content\/uploads\/sites\/14\/2016\/11\/restaurante-isabel-de-aragao0-scaled-476x249.jpg"}},"image_meta":{"aperture":"0","credit":"","camera":"","caption":"","created_timestamp":"0","copyright":"","focal_length":"0","iso":"0","shutter_speed":"0","title":"","orientation":"0","keywords":[]}},"post":124391,"source_url":"https:\/\/beira.pt\/diretorio\/wp-content\/uploads\/sites\/14\/2016\/11\/restaurante-isabel-de-aragao0-scaled.jpg"},"acf":{"destacar_na_pagina_principal":"homeo","apresentacao_resumida":"","apresentacao_detalhada":"","envolvencia":"O Restaurante Isabel de Arag\u00e3o \u00e9 um ateli\u00ea de sabores, onde a tradi\u00e7\u00e3o se alia \u00e0 inova\u00e7\u00e3o.\r\nDeguste com prazer as deliciosas iguarias da gastronomia duriense e beir\u00e3, com acesso visual ao savoir-faire do chef e da sua equipa, numa sala elegante e tentadora.\r\nO Bar D. Dinis \u00e9 a fus\u00e3o perfeita entre requinte, conforto e bem-servir.\r\nVenha descobrir a nossa carta de Bar & Tapas\u2026","morada":"Lugar do Rossio, Longroiva, Meda","codigo_postal":"6430-071","localidade":"","telefone":"+351 279 149 020","telemovel":"","email":"geral@hoteldelongroiva.com","website":"http:\/\/www.hoteldelongroiva.com\/restaurante","plataforma_de_reservas":"","coordenadas":{"address":"R. do Adro, 6430, Portugal","lat":40.966548538026075,"lng":-7.208211421966553},"latitude":"","longitude":"","logotipo_da_empresa":null,"galeria_de_fotografias":[124394,124395,124396,124397,124398],"facebook":"https:\/\/www.facebook.com\/longroivahotelrural\/","twitter":"","linkedin":"","pinterest":"","instagram":"","youtube":"","horarios":"","periodo_de_ferias":"","outras_informacoes":"","caracteristicas_do_espaco":"","capacidade":"","preco_medio_por_refeicao":"","tipos_de_cozinha":"","ementa":"","n_de_quartos":"","preco_medio_por_noite":"","check_in":"","check_out":"","reservar_no_booking":"","produtos":null,"produto_lider":"nao","identificacao_do_produto_lider":null,"paises_de_exportacao":"","data_de_constituicao_da_empresa":null,"cae":"","setor_de_atividade":"","sub_setor_de_atividade":"","rnal":"","numero_de_contribuinte":"","numero_de_seguranca_social":"","forma_juridica":"Empres\u00e1rio em nome individual","numero_de_trabalhadores":"","responsavel":"","contacto_telefonico":"","capital_social":"","volume_de_vendas":"","mercados_onde_exerce_atividades":"","tipo_de_clientes":""},"jetpack_featured_media_url":"https:\/\/beira.pt\/diretorio\/wp-content\/uploads\/sites\/14\/2016\/11\/restaurante-isabel-de-aragao0-scaled.jpg","_links":{"self":[{"href":"https:\/\/beira.pt\/diretorio\/wp-json\/wp\/v2\/posts\/124391","targetHints":{"allow":["GET"]}}],"collection":[{"href":"https:\/\/beira.pt\/diretorio\/wp-json\/wp\/v2\/posts"}],"about":[{"href":"https:\/\/beira.pt\/diretorio\/wp-json\/wp\/v2\/types\/post"}],"author":[{"embeddable":true,"href":"https:\/\/beira.pt\/diretorio\/wp-json\/wp\/v2\/users\/2"}],"replies":[{"embeddable":true,"href":"https:\/\/beira.pt\/diretorio\/wp-json\/wp\/v2\/comments?post=124391"}],"version-history":[{"count":2,"href":"https:\/\/beira.pt\/diretorio\/wp-json\/wp\/v2\/posts\/124391\/revisions"}],"predecessor-version":[{"id":124400,"href":"https:\/\/beira.pt\/diretorio\/wp-json\/wp\/v2\/posts\/124391\/revisions\/124400"}],"acf:attachment":[{"embeddable":true,"href":"https:\/\/beira.pt\/diretorio\/wp-json\/wp\/v2\/media\/124398"},{"embeddable":true,"href":"https:\/\/beira.pt\/diretorio\/wp-json\/wp\/v2\/media\/124397"},{"embeddable":true,"href":"https:\/\/beira.pt\/diretorio\/wp-json\/wp\/v2\/media\/124396"},{"embeddable":true,"href":"https:\/\/beira.pt\/diretorio\/wp-json\/wp\/v2\/media\/124395"},{"embeddable":true,"href":"https:\/\/beira.pt\/diretorio\/wp-json\/wp\/v2\/media\/124394"}],"wp:featuredmedia":[{"embeddable":true,"href":"https:\/\/beira.pt\/diretorio\/wp-json\/wp\/v2\/media\/124393"}],"wp:attachment":[{"href":"https:\/\/beira.pt\/diretorio\/wp-json\/wp\/v2\/media?parent=124391"}],"wp:term":[{"taxonomy":"category","embeddable":true,"href":"https:\/\/beira.pt\/diretorio\/wp-json\/wp\/v2\/categories?post=124391"},{"taxonomy":"post_tag","embeddable":true,"href":"https:\/\/beira.pt\/diretorio\/wp-json\/wp\/v2\/tags?post=124391"},{"taxonomy":"concelhos","embeddable":true,"href":"https:\/\/beira.pt\/diretorio\/wp-json\/wp\/v2\/concelhos?post=124391"}],"curies":[{"name":"wp","href":"https:\/\/api.w.org\/{rel}","templated":true}]}}