{"id":123206,"date":"2016-08-23T11:52:09","date_gmt":"2016-08-23T11:52:09","guid":{"rendered":"http:\/\/beira.pt\/diretorio\/?p=123206"},"modified":"2016-08-23T11:54:02","modified_gmt":"2016-08-23T11:54:02","slug":"biblioteca-cantadeiras-caria","status":"publish","type":"post","link":"https:\/\/beira.pt\/diretorio\/biblioteca-cantadeiras-caria\/","title":{"rendered":"Biblioteca Cantadeiras de Caria"},"content":{"rendered":"<p style=\"text-align: justify\">Nos anos 90 existiam duas Bibliotecas em Caria, a Biblioteca da Junta de Freguesia de Caria e a Biblioteca da Associa\u00e7\u00e3o Cantadeira de Caria.\u00a0A Biblioteca da Junta de Freguesia de Caria foi fundada na d\u00e9cada de noventa, e reuniu v\u00e1rios esp\u00f3lios da D. Lurdes Afonso, ao passo que a Biblioteca da Associa\u00e7\u00e3o das Cantadeiras de Caria foi fundada a 19 de Dezembro de 1992, numa sala do edif\u00edcio da Junta de Freguesia de Caria, com o esp\u00f3lio bibliogr\u00e1fico da Associa\u00e7\u00e3o das Cantadeiras de Caria.\u00a0No ano de 2014 renasce uma nova biblioteca, a\u00a0Biblioteca Cantadeiras de Caria,\u00a0atrav\u00e9s da uni\u00e3o dos acervos da antiga Biblioteca Cantadeiras de Caria e a Biblioteca da Junta de Freguesia de Caria.\u00a0Esta nova biblioteca est\u00e1 instalada num edif\u00edcio de constru\u00e7\u00e3o recente: no Centro de Internet inaugurado a 19 de Maio de 2007.\u00a0O edif\u00edcio beneficia de uma liga\u00e7\u00e3o estrutural \u00e0 Casa da Torre, designada como Centro de Estudos Arqueol\u00f3gicos. Este lugar de sapi\u00eancia est\u00e1, harmoniosamente, ligado entre a Igreja Matriz e a Capela de Santo Ant\u00f3nio e a pr\u00f3pria Casa da Torre.<\/p>\n","protected":false},"excerpt":{"rendered":"<p>Nos anos 90 existiam duas Bibliotecas em Caria, a Biblioteca da Junta de Freguesia de Caria e a Biblioteca da Associa\u00e7\u00e3o Cantadeira de Caria.\u00a0A Biblioteca da Junta de Freguesia de Caria foi fundada na d\u00e9cada de noventa, e reuniu v\u00e1rios esp\u00f3lios da D. Lurdes Afonso, ao passo que a Biblioteca da Associa\u00e7\u00e3o das Cantadeiras de [&hellip;]<\/p>\n","protected":false},"author":30,"featured_media":123207,"comment_status":"closed","ping_status":"closed","sticky":false,"template":"","format":"standard","meta":{"_acf_changed":false,"advanced_seo_description":"","jetpack_seo_html_title":"","jetpack_seo_noindex":false,"footnotes":""},"categories":[5217,110],"tags":[1603,4166],"concelhos":[32,31],"class_list":["post-123206","post","type-post","status-publish","format-standard","has-post-thumbnail","hentry","category-bibliotecas","category-educacao-e-formacao","tag-belmonte","tag-biblioteca","concelhos-belmonte","concelhos-distrito-de-castelo-branco"],"better_featured_image":{"id":123207,"alt_text":"Biblioteca Cantadeiras de Caria","caption":"","description":"","media_type":"image","media_details":{"width":800,"height":565,"file":"2016\/08\/Biblioteca-Cantadeiras-de-Caria.jpg","sizes":{"medium":{"file":"Biblioteca-Cantadeiras-de-Caria-300x212.jpg","width":300,"height":212,"mime-type":"image\/jpeg","source_url":"https:\/\/beira.pt\/diretorio\/wp-content\/uploads\/sites\/14\/2016\/08\/Biblioteca-Cantadeiras-de-Caria-300x212.jpg"},"thumbnail":{"file":"Biblioteca-Cantadeiras-de-Caria-80x80.jpg","width":80,"height":80,"mime-type":"image\/jpeg","source_url":"https:\/\/beira.pt\/diretorio\/wp-content\/uploads\/sites\/14\/2016\/08\/Biblioteca-Cantadeiras-de-Caria-80x80.jpg"},"medium_large":{"file":"Biblioteca-Cantadeiras-de-Caria-768x542.jpg","width":768,"height":542,"mime-type":"image\/jpeg","source_url":"https:\/\/beira.pt\/diretorio\/wp-content\/uploads\/sites\/14\/2016\/08\/Biblioteca-Cantadeiras-de-Caria-768x542.jpg"},"imgx360x185":{"file":"Biblioteca-Cantadeiras-de-Caria-360x185.jpg","width":360,"height":185,"mime-type":"image\/jpeg","source_url":"https:\/\/beira.pt\/diretorio\/wp-content\/uploads\/sites\/14\/2016\/08\/Biblioteca-Cantadeiras-de-Caria-360x185.jpg"},"imgx750x400":{"file":"Biblioteca-Cantadeiras-de-Caria-750x400.jpg","width":750,"height":400,"mime-type":"image\/jpeg","source_url":"https:\/\/beira.pt\/diretorio\/wp-content\/uploads\/sites\/14\/2016\/08\/Biblioteca-Cantadeiras-de-Caria-750x400.jpg"},"imgx1170x400":{"file":"Biblioteca-Cantadeiras-de-Caria-1170x400.jpg","width":1170,"height":400,"mime-type":"image\/jpeg","source_url":"https:\/\/beira.pt\/diretorio\/wp-content\/uploads\/sites\/14\/2016\/08\/Biblioteca-Cantadeiras-de-Caria-1170x400.jpg"},"argtdyu":{"file":"Biblioteca-Cantadeiras-de-Caria-515x418.jpg","width":515,"height":418,"mime-type":"image\/jpeg","source_url":"https:\/\/beira.pt\/diretorio\/wp-content\/uploads\/sites\/14\/2016\/08\/Biblioteca-Cantadeiras-de-Caria-515x418.jpg"},"rhtoskt":{"file":"Biblioteca-Cantadeiras-de-Caria-515x237.jpg","width":515,"height":237,"mime-type":"image\/jpeg","source_url":"https:\/\/beira.pt\/diretorio\/wp-content\/uploads\/sites\/14\/2016\/08\/Biblioteca-Cantadeiras-de-Caria-515x237.jpg"},"urlsouc":{"file":"Biblioteca-Cantadeiras-de-Caria-253x171.jpg","width":253,"height":171,"mime-type":"image\/jpeg","source_url":"https:\/\/beira.pt\/diretorio\/wp-content\/uploads\/sites\/14\/2016\/08\/Biblioteca-Cantadeiras-de-Caria-253x171.jpg"},"facbook":{"file":"Biblioteca-Cantadeiras-de-Caria-476x249.jpg","width":476,"height":249,"mime-type":"image\/jpeg","source_url":"https:\/\/beira.pt\/diretorio\/wp-content\/uploads\/sites\/14\/2016\/08\/Biblioteca-Cantadeiras-de-Caria-476x249.jpg"}},"image_meta":{"aperture":"0","credit":"","camera":"","caption":"","created_timestamp":"0","copyright":"","focal_length":"0","iso":"0","shutter_speed":"0","title":"","orientation":"0","keywords":[]}},"post":123206,"source_url":"https:\/\/beira.pt\/diretorio\/wp-content\/uploads\/sites\/14\/2016\/08\/Biblioteca-Cantadeiras-de-Caria.jpg"},"acf":{"destacar_na_pagina_principal":"homeo","apresentacao_resumida":"","apresentacao_detalhada":"","envolvencia":"","morada":"Largo da Igreja, 6250-111 Caria, Castelo Branco, Portugal","codigo_postal":"6250-111","localidade":"","telefone":"","telemovel":"","email":"cinternet.caria@gmail.com","website":"","plataforma_de_reservas":"","coordenadas":{"address":"Largo da Igreja, 6250-111 Caria, Castelo Branco, Portugal","lat":40.3231125,"lng":-7.2968934000000445},"latitude":"","longitude":"","logotipo_da_empresa":null,"galeria_de_fotografias":"","facebook":"","twitter":"","linkedin":"","pinterest":"","instagram":"","youtube":"","horarios":"","periodo_de_ferias":"","outras_informacoes":"","caracteristicas_do_espaco":"","capacidade":"","preco_medio_por_refeicao":"","tipos_de_cozinha":"","ementa":"","n_de_quartos":"","preco_medio_por_noite":"","check_in":"","check_out":"","reservar_no_booking":"","produtos":null,"produto_lider":"nao","identificacao_do_produto_lider":null,"paises_de_exportacao":"","data_de_constituicao_da_empresa":null,"cae":"","setor_de_atividade":"","sub_setor_de_atividade":"","rnal":"","numero_de_contribuinte":"","numero_de_seguranca_social":"","forma_juridica":"Empres\u00e1rio em nome individual","numero_de_trabalhadores":"","responsavel":"","contacto_telefonico":"","capital_social":"","volume_de_vendas":"","mercados_onde_exerce_atividades":["nacional"],"tipo_de_clientes":""},"jetpack_featured_media_url":"https:\/\/beira.pt\/diretorio\/wp-content\/uploads\/sites\/14\/2016\/08\/Biblioteca-Cantadeiras-de-Caria.jpg","_links":{"self":[{"href":"https:\/\/beira.pt\/diretorio\/wp-json\/wp\/v2\/posts\/123206","targetHints":{"allow":["GET"]}}],"collection":[{"href":"https:\/\/beira.pt\/diretorio\/wp-json\/wp\/v2\/posts"}],"about":[{"href":"https:\/\/beira.pt\/diretorio\/wp-json\/wp\/v2\/types\/post"}],"author":[{"embeddable":true,"href":"https:\/\/beira.pt\/diretorio\/wp-json\/wp\/v2\/users\/30"}],"replies":[{"embeddable":true,"href":"https:\/\/beira.pt\/diretorio\/wp-json\/wp\/v2\/comments?post=123206"}],"version-history":[{"count":0,"href":"https:\/\/beira.pt\/diretorio\/wp-json\/wp\/v2\/posts\/123206\/revisions"}],"wp:featuredmedia":[{"embeddable":true,"href":"https:\/\/beira.pt\/diretorio\/wp-json\/wp\/v2\/media\/123207"}],"wp:attachment":[{"href":"https:\/\/beira.pt\/diretorio\/wp-json\/wp\/v2\/media?parent=123206"}],"wp:term":[{"taxonomy":"category","embeddable":true,"href":"https:\/\/beira.pt\/diretorio\/wp-json\/wp\/v2\/categories?post=123206"},{"taxonomy":"post_tag","embeddable":true,"href":"https:\/\/beira.pt\/diretorio\/wp-json\/wp\/v2\/tags?post=123206"},{"taxonomy":"concelhos","embeddable":true,"href":"https:\/\/beira.pt\/diretorio\/wp-json\/wp\/v2\/concelhos?post=123206"}],"curies":[{"name":"wp","href":"https:\/\/api.w.org\/{rel}","templated":true}]}}