{"id":123110,"date":"2016-08-19T10:39:30","date_gmt":"2016-08-19T10:39:30","guid":{"rendered":"http:\/\/beira.pt\/diretorio\/?p=123110"},"modified":"2016-08-19T10:39:30","modified_gmt":"2016-08-19T10:39:30","slug":"casa-do-verao","status":"publish","type":"post","link":"https:\/\/beira.pt\/diretorio\/casa-do-verao\/","title":{"rendered":"Casa do Ver\u00e3o"},"content":{"rendered":"<p style=\"text-align: justify\">Rodeada por um jardim e com uma piscina exterior, a Resid\u00eancia Casa do Ver\u00e3o est\u00e1 localizada em\u00a0C\u00f4ja, Arganil. Esta tranquila propriedade oferece vistas panor\u00e2micas para a paisagem e disponibiliza acesso wi-fi gratuito.\u00a0Cada quarto possui um terra\u00e7o e uma \u00e1rea de estar. As casas de banho privativas disp\u00f5em de um chuveiro, de um secador de cabelo e de produtos de higiene pessoal gratuitos. S\u00e3o fornecidas toalhas e roupa de cama.\u00a0A Resid\u00eancia Casa do Ver\u00e3o \u00e9 o ponto de partida ideal para descobrir o centro de Portugal. Arganil est\u00e1 a 10 km. O Aeroporto Internacional de Lisboa est\u00e1 a 264 km.<\/p>\n","protected":false},"excerpt":{"rendered":"<p>Rodeada por um jardim e com uma piscina exterior, a Resid\u00eancia Casa do Ver\u00e3o est\u00e1 localizada em\u00a0C\u00f4ja, Arganil. Esta tranquila propriedade oferece vistas panor\u00e2micas para a paisagem e disponibiliza acesso wi-fi gratuito.\u00a0Cada quarto possui um terra\u00e7o e uma \u00e1rea de estar. As casas de banho privativas disp\u00f5em de um chuveiro, de um secador de cabelo [&hellip;]<\/p>\n","protected":false},"author":30,"featured_media":123111,"comment_status":"closed","ping_status":"closed","sticky":false,"template":"","format":"standard","meta":{"_acf_changed":false,"advanced_seo_description":"","jetpack_seo_html_title":"","jetpack_seo_noindex":false,"footnotes":""},"categories":[133],"tags":[11176],"concelhos":[11172],"class_list":["post-123110","post","type-post","status-publish","format-standard","has-post-thumbnail","hentry","category-alojamento-local","tag-arganil","concelhos-arganil"],"better_featured_image":{"id":123111,"alt_text":"Casa do Ver\u00e3o","caption":"visitarganil.pt","description":"Casa do Ver\u00e3o","media_type":"image","media_details":{"width":840,"height":460,"file":"2016\/08\/Casa-de-Verao.jpg","sizes":{"medium":{"file":"Casa-de-Verao-300x164.jpg","width":300,"height":164,"mime-type":"image\/jpeg","source_url":"https:\/\/beira.pt\/diretorio\/wp-content\/uploads\/sites\/14\/2016\/08\/Casa-de-Verao-300x164.jpg"},"thumbnail":{"file":"Casa-de-Verao-80x80.jpg","width":80,"height":80,"mime-type":"image\/jpeg","source_url":"https:\/\/beira.pt\/diretorio\/wp-content\/uploads\/sites\/14\/2016\/08\/Casa-de-Verao-80x80.jpg"},"medium_large":{"file":"Casa-de-Verao-768x421.jpg","width":768,"height":421,"mime-type":"image\/jpeg","source_url":"https:\/\/beira.pt\/diretorio\/wp-content\/uploads\/sites\/14\/2016\/08\/Casa-de-Verao-768x421.jpg"},"imgx360x185":{"file":"Casa-de-Verao-360x185.jpg","width":360,"height":185,"mime-type":"image\/jpeg","source_url":"https:\/\/beira.pt\/diretorio\/wp-content\/uploads\/sites\/14\/2016\/08\/Casa-de-Verao-360x185.jpg"},"imgx750x400":{"file":"Casa-de-Verao-750x400.jpg","width":750,"height":400,"mime-type":"image\/jpeg","source_url":"https:\/\/beira.pt\/diretorio\/wp-content\/uploads\/sites\/14\/2016\/08\/Casa-de-Verao-750x400.jpg"},"imgx1170x400":{"file":"Casa-de-Verao-1170x400.jpg","width":1170,"height":400,"mime-type":"image\/jpeg","source_url":"https:\/\/beira.pt\/diretorio\/wp-content\/uploads\/sites\/14\/2016\/08\/Casa-de-Verao-1170x400.jpg"},"argtdyu":{"file":"Casa-de-Verao-515x418.jpg","width":515,"height":418,"mime-type":"image\/jpeg","source_url":"https:\/\/beira.pt\/diretorio\/wp-content\/uploads\/sites\/14\/2016\/08\/Casa-de-Verao-515x418.jpg"},"rhtoskt":{"file":"Casa-de-Verao-515x237.jpg","width":515,"height":237,"mime-type":"image\/jpeg","source_url":"https:\/\/beira.pt\/diretorio\/wp-content\/uploads\/sites\/14\/2016\/08\/Casa-de-Verao-515x237.jpg"},"urlsouc":{"file":"Casa-de-Verao-253x171.jpg","width":253,"height":171,"mime-type":"image\/jpeg","source_url":"https:\/\/beira.pt\/diretorio\/wp-content\/uploads\/sites\/14\/2016\/08\/Casa-de-Verao-253x171.jpg"},"facbook":{"file":"Casa-de-Verao-476x249.jpg","width":476,"height":249,"mime-type":"image\/jpeg","source_url":"https:\/\/beira.pt\/diretorio\/wp-content\/uploads\/sites\/14\/2016\/08\/Casa-de-Verao-476x249.jpg"}},"image_meta":{"aperture":"0","credit":"","camera":"","caption":"","created_timestamp":"0","copyright":"","focal_length":"0","iso":"0","shutter_speed":"0","title":"","orientation":"0","keywords":[]}},"post":123110,"source_url":"https:\/\/beira.pt\/diretorio\/wp-content\/uploads\/sites\/14\/2016\/08\/Casa-de-Verao.jpg"},"acf":{"destacar_na_pagina_principal":"homeo","apresentacao_resumida":"","apresentacao_detalhada":"","envolvencia":"","morada":"Ramal das Medas, 3305-183 Coja","codigo_postal":"3305-183","localidade":"","telefone":"(+351) 235 203 126","telemovel":"(+351) 969 214 020","email":"info@casadeverao.com","website":"http:\/\/www.casadeverao.com","plataforma_de_reservas":"","coordenadas":{"address":"N342 100, 3305, Portugal","lat":40.254969724194204,"lng":-8.01111526787281},"latitude":"","longitude":"","logotipo_da_empresa":null,"galeria_de_fotografias":"","facebook":"https:\/\/www.facebook.com\/Casa-de-Verao-690876007602471","twitter":"","linkedin":"","pinterest":"","instagram":"","youtube":"","horarios":"","periodo_de_ferias":"","outras_informacoes":"","caracteristicas_do_espaco":"","capacidade":"","preco_medio_por_refeicao":"","tipos_de_cozinha":"","ementa":"","n_de_quartos":"5","preco_medio_por_noite":"","check_in":"At\u00e9 \u00e0s 15:00 horas","check_out":"At\u00e9 \u00e0s 10:00 horas","reservar_no_booking":"","produtos":null,"produto_lider":"nao","identificacao_do_produto_lider":null,"paises_de_exportacao":"","data_de_constituicao_da_empresa":null,"cae":"","setor_de_atividade":"","sub_setor_de_atividade":"","rnal":"","numero_de_contribuinte":"","numero_de_seguranca_social":"","forma_juridica":"Empres\u00e1rio em nome individual","numero_de_trabalhadores":"","responsavel":"","contacto_telefonico":"","capital_social":"","volume_de_vendas":"","mercados_onde_exerce_atividades":["nacional"],"tipo_de_clientes":""},"jetpack_featured_media_url":"https:\/\/beira.pt\/diretorio\/wp-content\/uploads\/sites\/14\/2016\/08\/Casa-de-Verao.jpg","_links":{"self":[{"href":"https:\/\/beira.pt\/diretorio\/wp-json\/wp\/v2\/posts\/123110","targetHints":{"allow":["GET"]}}],"collection":[{"href":"https:\/\/beira.pt\/diretorio\/wp-json\/wp\/v2\/posts"}],"about":[{"href":"https:\/\/beira.pt\/diretorio\/wp-json\/wp\/v2\/types\/post"}],"author":[{"embeddable":true,"href":"https:\/\/beira.pt\/diretorio\/wp-json\/wp\/v2\/users\/30"}],"replies":[{"embeddable":true,"href":"https:\/\/beira.pt\/diretorio\/wp-json\/wp\/v2\/comments?post=123110"}],"version-history":[{"count":0,"href":"https:\/\/beira.pt\/diretorio\/wp-json\/wp\/v2\/posts\/123110\/revisions"}],"wp:featuredmedia":[{"embeddable":true,"href":"https:\/\/beira.pt\/diretorio\/wp-json\/wp\/v2\/media\/123111"}],"wp:attachment":[{"href":"https:\/\/beira.pt\/diretorio\/wp-json\/wp\/v2\/media?parent=123110"}],"wp:term":[{"taxonomy":"category","embeddable":true,"href":"https:\/\/beira.pt\/diretorio\/wp-json\/wp\/v2\/categories?post=123110"},{"taxonomy":"post_tag","embeddable":true,"href":"https:\/\/beira.pt\/diretorio\/wp-json\/wp\/v2\/tags?post=123110"},{"taxonomy":"concelhos","embeddable":true,"href":"https:\/\/beira.pt\/diretorio\/wp-json\/wp\/v2\/concelhos?post=123110"}],"curies":[{"name":"wp","href":"https:\/\/api.w.org\/{rel}","templated":true}]}}