{"id":123001,"date":"2016-08-12T11:54:49","date_gmt":"2016-08-12T11:54:49","guid":{"rendered":"http:\/\/beira.pt\/diretorio\/?p=123001"},"modified":"2019-06-06T13:44:56","modified_gmt":"2019-06-06T13:44:56","slug":"casas-do-ameal","status":"publish","type":"post","link":"https:\/\/beira.pt\/diretorio\/casas-do-ameal\/","title":{"rendered":"Casas do Ameal"},"content":{"rendered":"<p style=\"text-align: justify\">Casas do Ameal \u00e9 um empreendimento de agroturismo, situado em pleno Parque Natural da Serra da Estrela, a escassos minutos das encantadoras cidades de Seia e Gouveia,\u00a0disp\u00f5e de caracter\u00edsticas \u00fanicas e condi\u00e7\u00f5es excelentes para passar uns dias tranquilos e usufruir de tudo o que a regi\u00e3o da Serra da Estrela tem para oferecer.<\/p>\n<p style=\"text-align: justify\">A estadia ter\u00e1 sempre como pano de fundo uma envolvente natural que pode oferecer condi\u00e7\u00f5es \u00f3ptimas\u00a0para a pr\u00e1tica de diversos tipos de turismo, desde o turismo de natureza ao desportivo, gastron\u00f3mico ou cultural.<\/p>\n<p style=\"text-align: justify\">A casa conta com\u00a08 quartos e uma suite \u00e0 disposi\u00e7\u00e3o, todos com casa de banho, tv e ar condicionado, as casas do Ameal possuem tamb\u00e9m uma ampla sala onde os h\u00f3spedes podem ler, jogar e descontrair.<\/p>\n<p style=\"text-align: justify\">\u00a0Tem ainda piscina, jardim, horta, estacionamento e parque infantil.<\/p>\n","protected":false},"excerpt":{"rendered":"<p>Casas do Ameal \u00e9 um empreendimento de agroturismo, situado em pleno Parque Natural da Serra da Estrela, a escassos minutos das encantadoras cidades de Seia e Gouveia,\u00a0disp\u00f5e de caracter\u00edsticas \u00fanicas e condi\u00e7\u00f5es excelentes para passar uns dias tranquilos e usufruir de tudo o que a regi\u00e3o da Serra da Estrela tem para oferecer. A estadia [&hellip;]<\/p>\n","protected":false},"author":30,"featured_media":123002,"comment_status":"closed","ping_status":"closed","sticky":false,"template":"","format":"standard","meta":{"_acf_changed":false,"advanced_seo_description":"","jetpack_seo_html_title":"","jetpack_seo_noindex":false,"footnotes":""},"categories":[98],"tags":[11124,10686,11123,9557,11907,12012,43],"concelhos":[17,22],"class_list":["post-123001","post","type-post","status-publish","format-standard","has-post-thumbnail","hentry","category-agroturismo","tag-agroturismo","tag-alojamento","tag-casas-do-ameal","tag-gouveia","tag-onde-dormir","tag-onde-ficar","tag-serra-da-estrela","concelhos-distrito-da-guarda","concelhos-gouveia"],"better_featured_image":{"id":123002,"alt_text":"Casas do Ameal","caption":"","description":"","media_type":"image","media_details":{"width":450,"height":300,"file":"2016\/08\/Casas-do-Ameal.jpg","sizes":{"medium":{"file":"Casas-do-Ameal-300x200.jpg","width":300,"height":200,"mime-type":"image\/jpeg","source_url":"https:\/\/beira.pt\/diretorio\/wp-content\/uploads\/sites\/14\/2016\/08\/Casas-do-Ameal-300x200.jpg"},"thumbnail":{"file":"Casas-do-Ameal-80x80.jpg","width":80,"height":80,"mime-type":"image\/jpeg","source_url":"https:\/\/beira.pt\/diretorio\/wp-content\/uploads\/sites\/14\/2016\/08\/Casas-do-Ameal-80x80.jpg"},"imgx360x185":{"file":"Casas-do-Ameal-360x185.jpg","width":360,"height":185,"mime-type":"image\/jpeg","source_url":"https:\/\/beira.pt\/diretorio\/wp-content\/uploads\/sites\/14\/2016\/08\/Casas-do-Ameal-360x185.jpg"},"imgx750x400":{"file":"Casas-do-Ameal-750x400.jpg","width":750,"height":400,"mime-type":"image\/jpeg","source_url":"https:\/\/beira.pt\/diretorio\/wp-content\/uploads\/sites\/14\/2016\/08\/Casas-do-Ameal-750x400.jpg"},"imgx1170x400":{"file":"Casas-do-Ameal-1170x400.jpg","width":1170,"height":400,"mime-type":"image\/jpeg","source_url":"https:\/\/beira.pt\/diretorio\/wp-content\/uploads\/sites\/14\/2016\/08\/Casas-do-Ameal-1170x400.jpg"},"argtdyu":{"file":"Casas-do-Ameal-515x418.jpg","width":515,"height":418,"mime-type":"image\/jpeg","source_url":"https:\/\/beira.pt\/diretorio\/wp-content\/uploads\/sites\/14\/2016\/08\/Casas-do-Ameal-515x418.jpg"},"rhtoskt":{"file":"Casas-do-Ameal-515x237.jpg","width":515,"height":237,"mime-type":"image\/jpeg","source_url":"https:\/\/beira.pt\/diretorio\/wp-content\/uploads\/sites\/14\/2016\/08\/Casas-do-Ameal-515x237.jpg"},"urlsouc":{"file":"Casas-do-Ameal-253x171.jpg","width":253,"height":171,"mime-type":"image\/jpeg","source_url":"https:\/\/beira.pt\/diretorio\/wp-content\/uploads\/sites\/14\/2016\/08\/Casas-do-Ameal-253x171.jpg"},"facbook":{"file":"Casas-do-Ameal-476x249.jpg","width":476,"height":249,"mime-type":"image\/jpeg","source_url":"https:\/\/beira.pt\/diretorio\/wp-content\/uploads\/sites\/14\/2016\/08\/Casas-do-Ameal-476x249.jpg"}},"image_meta":{"aperture":"0","credit":"","camera":"","caption":"","created_timestamp":"0","copyright":"","focal_length":"0","iso":"0","shutter_speed":"0","title":"","orientation":"0","keywords":[]}},"post":123001,"source_url":"https:\/\/beira.pt\/diretorio\/wp-content\/uploads\/sites\/14\/2016\/08\/Casas-do-Ameal.jpg"},"acf":{"destacar_na_pagina_principal":"homeo","apresentacao_resumida":"","apresentacao_detalhada":"","envolvencia":"","morada":"Quinta da Formigueira","codigo_postal":"6290-241","localidade":"Pa\u00e7os da Serra, Portugal","telefone":"(+351) 238 498 192","telemovel":"(+351) 919 595 401 \/ (+351) 969 285 876","email":"geral@casasdoameal.com\/","website":"","plataforma_de_reservas":"","coordenadas":{"address":"Quinta da Formigueira 6290-241 Pa\u00e7os da Serra","lat":40.4575921,"lng":-7.651632899999981},"latitude":"","longitude":"","logotipo_da_empresa":null,"galeria_de_fotografias":"","facebook":"","twitter":"","linkedin":"","pinterest":"","instagram":"","youtube":"","horarios":"","periodo_de_ferias":"","outras_informacoes":"Animais de estima\u00e7\u00e3o admitidos.\r\n\r\nEstacionamento dispon\u00edvel.","caracteristicas_do_espaco":"","capacidade":"","preco_medio_por_refeicao":"","tipos_de_cozinha":"","ementa":"","n_de_quartos":"8","preco_medio_por_noite":"","check_in":"","check_out":"","reservar_no_booking":"","produtos":null,"produto_lider":"nao","identificacao_do_produto_lider":null,"paises_de_exportacao":"","data_de_constituicao_da_empresa":null,"cae":"","setor_de_atividade":"","sub_setor_de_atividade":"","rnal":"","numero_de_contribuinte":"","numero_de_seguranca_social":"","forma_juridica":"Empres\u00e1rio em nome individual","numero_de_trabalhadores":"","responsavel":"","contacto_telefonico":"","capital_social":"","volume_de_vendas":"","mercados_onde_exerce_atividades":["nacional"],"tipo_de_clientes":""},"jetpack_featured_media_url":"https:\/\/beira.pt\/diretorio\/wp-content\/uploads\/sites\/14\/2016\/08\/Casas-do-Ameal.jpg","_links":{"self":[{"href":"https:\/\/beira.pt\/diretorio\/wp-json\/wp\/v2\/posts\/123001","targetHints":{"allow":["GET"]}}],"collection":[{"href":"https:\/\/beira.pt\/diretorio\/wp-json\/wp\/v2\/posts"}],"about":[{"href":"https:\/\/beira.pt\/diretorio\/wp-json\/wp\/v2\/types\/post"}],"author":[{"embeddable":true,"href":"https:\/\/beira.pt\/diretorio\/wp-json\/wp\/v2\/users\/30"}],"replies":[{"embeddable":true,"href":"https:\/\/beira.pt\/diretorio\/wp-json\/wp\/v2\/comments?post=123001"}],"version-history":[{"count":2,"href":"https:\/\/beira.pt\/diretorio\/wp-json\/wp\/v2\/posts\/123001\/revisions"}],"predecessor-version":[{"id":127796,"href":"https:\/\/beira.pt\/diretorio\/wp-json\/wp\/v2\/posts\/123001\/revisions\/127796"}],"wp:featuredmedia":[{"embeddable":true,"href":"https:\/\/beira.pt\/diretorio\/wp-json\/wp\/v2\/media\/123002"}],"wp:attachment":[{"href":"https:\/\/beira.pt\/diretorio\/wp-json\/wp\/v2\/media?parent=123001"}],"wp:term":[{"taxonomy":"category","embeddable":true,"href":"https:\/\/beira.pt\/diretorio\/wp-json\/wp\/v2\/categories?post=123001"},{"taxonomy":"post_tag","embeddable":true,"href":"https:\/\/beira.pt\/diretorio\/wp-json\/wp\/v2\/tags?post=123001"},{"taxonomy":"concelhos","embeddable":true,"href":"https:\/\/beira.pt\/diretorio\/wp-json\/wp\/v2\/concelhos?post=123001"}],"curies":[{"name":"wp","href":"https:\/\/api.w.org\/{rel}","templated":true}]}}