{"id":122430,"date":"2016-07-22T10:39:11","date_gmt":"2016-07-22T10:39:11","guid":{"rendered":"http:\/\/beira.pt\/diretorio\/?p=122430"},"modified":"2020-08-19T08:34:13","modified_gmt":"2020-08-19T08:34:13","slug":"cafe-manuel-das-feijocas","status":"publish","type":"post","link":"https:\/\/beira.pt\/diretorio\/cafe-manuel-das-feijocas\/","title":{"rendered":"Caf\u00e9 Manuel das Feijocas"},"content":{"rendered":"<p style=\"text-align: justify\">O Caf\u00e9 Manuel das Feijocas \u00e9 um espa\u00e7o acolhedor ao estilo caseiro e familiar, situado num local sossegado com uma vista privilegiada de toda a vila de Manteigas e do lado oposto, a maravilha natural, o Vale Glaciar do Z\u00eazere com o seu rio aos p\u00e9s.\u00a0Caf\u00e9, casa de h\u00f3spedes, venda de produtos regionais (queijo da Serra da Estrela, presunto, enchidos, doce de ab\u00f3bora, mel, feijocas, castanhas, licores e aguardentes t\u00edpicas).\u00a0Cont\u00e9m sete quartos com aquecimento central, televis\u00e3o, casa de banho privativa e, como extra opcional, uma cozinha.\u00a0Na parte inferior da casa, disp\u00f5e de um caf\u00e9, onde s\u00e3o servidos os pequenos-almo\u00e7os, e de um espa\u00e7o de venda de produtos regionais como o caracter\u00edstico queijo da serra (amanteigado e curado), presunto, licores, doces e mel.<\/p>\n","protected":false},"excerpt":{"rendered":"<p>O Caf\u00e9 Manuel das Feijocas \u00e9 um espa\u00e7o acolhedor ao estilo caseiro e familiar, situado num local sossegado com uma vista privilegiada de toda a vila de Manteigas e do lado oposto, a maravilha natural, o Vale Glaciar do Z\u00eazere com o seu rio aos p\u00e9s.\u00a0Caf\u00e9, casa de h\u00f3spedes, venda de produtos regionais (queijo da [&hellip;]<\/p>\n","protected":false},"author":74,"featured_media":122431,"comment_status":"closed","ping_status":"closed","sticky":false,"template":"","format":"standard","meta":{"_acf_changed":false,"advanced_seo_description":"","jetpack_seo_html_title":"","jetpack_seo_noindex":false,"footnotes":""},"categories":[164,165],"tags":[11426,9559,43],"concelhos":[17,24],"class_list":["post-122430","post","type-post","status-publish","format-standard","has-post-thumbnail","hentry","category-animacao-noturna","category-bar","tag-cafes","tag-manteigas","tag-serra-da-estrela","concelhos-distrito-da-guarda","concelhos-manteigas"],"better_featured_image":{"id":122431,"alt_text":"Caf\u00e9 Manuel das Feijocas","caption":"Munic\u00edpio de Manteigas","description":"","media_type":"image","media_details":{"width":958,"height":639,"file":"2016\/07\/Cafe-Manuel-das-Feijocas.jpg","sizes":{"medium":{"file":"Cafe-Manuel-das-Feijocas-300x200.jpg","width":300,"height":200,"mime-type":"image\/jpeg","source_url":"https:\/\/beira.pt\/diretorio\/wp-content\/uploads\/sites\/14\/2016\/07\/Cafe-Manuel-das-Feijocas-300x200.jpg"},"thumbnail":{"file":"Cafe-Manuel-das-Feijocas-80x80.jpg","width":80,"height":80,"mime-type":"image\/jpeg","source_url":"https:\/\/beira.pt\/diretorio\/wp-content\/uploads\/sites\/14\/2016\/07\/Cafe-Manuel-das-Feijocas-80x80.jpg"},"medium_large":{"file":"Cafe-Manuel-das-Feijocas-768x512.jpg","width":768,"height":512,"mime-type":"image\/jpeg","source_url":"https:\/\/beira.pt\/diretorio\/wp-content\/uploads\/sites\/14\/2016\/07\/Cafe-Manuel-das-Feijocas-768x512.jpg"},"imgx360x185":{"file":"Cafe-Manuel-das-Feijocas-360x185.jpg","width":360,"height":185,"mime-type":"image\/jpeg","source_url":"https:\/\/beira.pt\/diretorio\/wp-content\/uploads\/sites\/14\/2016\/07\/Cafe-Manuel-das-Feijocas-360x185.jpg"},"imgx750x400":{"file":"Cafe-Manuel-das-Feijocas-750x400.jpg","width":750,"height":400,"mime-type":"image\/jpeg","source_url":"https:\/\/beira.pt\/diretorio\/wp-content\/uploads\/sites\/14\/2016\/07\/Cafe-Manuel-das-Feijocas-750x400.jpg"},"imgx1170x400":{"file":"Cafe-Manuel-das-Feijocas-1170x400.jpg","width":1170,"height":400,"mime-type":"image\/jpeg","source_url":"https:\/\/beira.pt\/diretorio\/wp-content\/uploads\/sites\/14\/2016\/07\/Cafe-Manuel-das-Feijocas-1170x400.jpg"},"argtdyu":{"file":"Cafe-Manuel-das-Feijocas-515x418.jpg","width":515,"height":418,"mime-type":"image\/jpeg","source_url":"https:\/\/beira.pt\/diretorio\/wp-content\/uploads\/sites\/14\/2016\/07\/Cafe-Manuel-das-Feijocas-515x418.jpg"},"rhtoskt":{"file":"Cafe-Manuel-das-Feijocas-515x237.jpg","width":515,"height":237,"mime-type":"image\/jpeg","source_url":"https:\/\/beira.pt\/diretorio\/wp-content\/uploads\/sites\/14\/2016\/07\/Cafe-Manuel-das-Feijocas-515x237.jpg"},"urlsouc":{"file":"Cafe-Manuel-das-Feijocas-253x171.jpg","width":253,"height":171,"mime-type":"image\/jpeg","source_url":"https:\/\/beira.pt\/diretorio\/wp-content\/uploads\/sites\/14\/2016\/07\/Cafe-Manuel-das-Feijocas-253x171.jpg"},"facbook":{"file":"Cafe-Manuel-das-Feijocas-476x249.jpg","width":476,"height":249,"mime-type":"image\/jpeg","source_url":"https:\/\/beira.pt\/diretorio\/wp-content\/uploads\/sites\/14\/2016\/07\/Cafe-Manuel-das-Feijocas-476x249.jpg"}},"image_meta":{"aperture":"0","credit":"","camera":"","caption":"","created_timestamp":"0","copyright":"","focal_length":"0","iso":"0","shutter_speed":"0","title":"","orientation":"0","keywords":[]}},"post":122430,"source_url":"https:\/\/beira.pt\/diretorio\/wp-content\/uploads\/sites\/14\/2016\/07\/Cafe-Manuel-das-Feijocas.jpg"},"acf":{"destacar_na_pagina_principal":"homeo","apresentacao_resumida":"","apresentacao_detalhada":"","envolvencia":"","morada":"Estrada da Lapa 6260-146 Manteigas","codigo_postal":"6260-146","localidade":"","telefone":"275 981 104","telemovel":"968 867 383","email":"maneldasfeijocas@gmail.com","website":"","plataforma_de_reservas":"","coordenadas":{"address":"Rua da Lapa, 6260 Manteigas, Portugal","lat":40.393618469336296,"lng":-7.538766860961914},"latitude":"","longitude":"","logotipo_da_empresa":"","galeria_de_fotografias":"","facebook":"","twitter":"","linkedin":"","pinterest":"","instagram":"","youtube":"","horarios":"","periodo_de_ferias":"","outras_informacoes":"","caracteristicas_do_espaco":"","capacidade":"","preco_medio_por_refeicao":"","tipos_de_cozinha":"","ementa":"","n_de_quartos":"","preco_medio_por_noite":"","check_in":"","check_out":"","reservar_no_booking":"","produtos":null,"produto_lider":"nao","identificacao_do_produto_lider":null,"paises_de_exportacao":"","data_de_constituicao_da_empresa":null,"cae":"","setor_de_atividade":"","sub_setor_de_atividade":"","rnal":"","numero_de_contribuinte":"","numero_de_seguranca_social":"","forma_juridica":"Empres\u00e1rio em nome individual","numero_de_trabalhadores":"","responsavel":"Manuel Raba\u00e7a dos Santos","contacto_telefonico":"","capital_social":"","volume_de_vendas":"","mercados_onde_exerce_atividades":["nacional"],"tipo_de_clientes":""},"jetpack_featured_media_url":"https:\/\/beira.pt\/diretorio\/wp-content\/uploads\/sites\/14\/2016\/07\/Cafe-Manuel-das-Feijocas.jpg","_links":{"self":[{"href":"https:\/\/beira.pt\/diretorio\/wp-json\/wp\/v2\/posts\/122430","targetHints":{"allow":["GET"]}}],"collection":[{"href":"https:\/\/beira.pt\/diretorio\/wp-json\/wp\/v2\/posts"}],"about":[{"href":"https:\/\/beira.pt\/diretorio\/wp-json\/wp\/v2\/types\/post"}],"author":[{"embeddable":true,"href":"https:\/\/beira.pt\/diretorio\/wp-json\/wp\/v2\/users\/74"}],"replies":[{"embeddable":true,"href":"https:\/\/beira.pt\/diretorio\/wp-json\/wp\/v2\/comments?post=122430"}],"version-history":[{"count":3,"href":"https:\/\/beira.pt\/diretorio\/wp-json\/wp\/v2\/posts\/122430\/revisions"}],"predecessor-version":[{"id":129368,"href":"https:\/\/beira.pt\/diretorio\/wp-json\/wp\/v2\/posts\/122430\/revisions\/129368"}],"wp:featuredmedia":[{"embeddable":true,"href":"https:\/\/beira.pt\/diretorio\/wp-json\/wp\/v2\/media\/122431"}],"wp:attachment":[{"href":"https:\/\/beira.pt\/diretorio\/wp-json\/wp\/v2\/media?parent=122430"}],"wp:term":[{"taxonomy":"category","embeddable":true,"href":"https:\/\/beira.pt\/diretorio\/wp-json\/wp\/v2\/categories?post=122430"},{"taxonomy":"post_tag","embeddable":true,"href":"https:\/\/beira.pt\/diretorio\/wp-json\/wp\/v2\/tags?post=122430"},{"taxonomy":"concelhos","embeddable":true,"href":"https:\/\/beira.pt\/diretorio\/wp-json\/wp\/v2\/concelhos?post=122430"}],"curies":[{"name":"wp","href":"https:\/\/api.w.org\/{rel}","templated":true}]}}