{"id":122408,"date":"2016-07-22T09:29:20","date_gmt":"2016-07-22T09:29:20","guid":{"rendered":"http:\/\/beira.pt\/diretorio\/?p=122408"},"modified":"2020-08-18T15:00:36","modified_gmt":"2020-08-18T15:00:36","slug":"churrasqueira-cafe-ski","status":"publish","type":"post","link":"https:\/\/beira.pt\/diretorio\/churrasqueira-cafe-ski\/","title":{"rendered":"Churrasqueira e Caf\u00e9 Ski"},"content":{"rendered":"<p>A Churrasqueira e Caf\u00e9 Ski \u00e9 um espa\u00e7o de churrascos \u00a0em pela vila de Manteigas onde pode usufruir de um bom grelhado, em pleno cora\u00e7\u00e3o da serra de Estrela.<\/p>\n<p>Especialidade: Grelhados e Pratos r\u00e1pidos.<\/p>\n","protected":false},"excerpt":{"rendered":"<p>A Churrasqueira e Caf\u00e9 Ski \u00e9 um espa\u00e7o de churrascos \u00a0em pela vila de Manteigas onde pode usufruir de um bom grelhado, em pleno cora\u00e7\u00e3o da serra de Estrela. Especialidade: Grelhados e Pratos r\u00e1pidos.<\/p>\n","protected":false},"author":74,"featured_media":122409,"comment_status":"closed","ping_status":"closed","sticky":false,"template":"","format":"standard","meta":{"_acf_changed":false,"advanced_seo_description":"","jetpack_seo_html_title":"","jetpack_seo_noindex":false,"footnotes":""},"categories":[42,658],"tags":[11426,10901,9559],"concelhos":[17,24],"class_list":["post-122408","post","type-post","status-publish","format-standard","has-post-thumbnail","hentry","category-restauracao","category-restaurantes","tag-cafes","tag-churrasqueira","tag-manteigas","concelhos-distrito-da-guarda","concelhos-manteigas"],"better_featured_image":{"id":122409,"alt_text":"Caf\u00e9 Ski","caption":"Munic\u00edpio de Manteigas","description":"Churrasqueira e Caf\u00e9 Ski","media_type":"image","media_details":{"width":780,"height":585,"file":"2016\/07\/Churrasqueira-Cafe-Ski.jpg","sizes":{"medium":{"file":"Churrasqueira-Cafe-Ski-300x225.jpg","width":300,"height":225,"mime-type":"image\/jpeg","source_url":"https:\/\/beira.pt\/diretorio\/wp-content\/uploads\/sites\/14\/2016\/07\/Churrasqueira-Cafe-Ski-300x225.jpg"},"thumbnail":{"file":"Churrasqueira-Cafe-Ski-80x80.jpg","width":80,"height":80,"mime-type":"image\/jpeg","source_url":"https:\/\/beira.pt\/diretorio\/wp-content\/uploads\/sites\/14\/2016\/07\/Churrasqueira-Cafe-Ski-80x80.jpg"},"medium_large":{"file":"Churrasqueira-Cafe-Ski-768x576.jpg","width":768,"height":576,"mime-type":"image\/jpeg","source_url":"https:\/\/beira.pt\/diretorio\/wp-content\/uploads\/sites\/14\/2016\/07\/Churrasqueira-Cafe-Ski-768x576.jpg"},"imgx360x185":{"file":"Churrasqueira-Cafe-Ski-360x185.jpg","width":360,"height":185,"mime-type":"image\/jpeg","source_url":"https:\/\/beira.pt\/diretorio\/wp-content\/uploads\/sites\/14\/2016\/07\/Churrasqueira-Cafe-Ski-360x185.jpg"},"imgx750x400":{"file":"Churrasqueira-Cafe-Ski-750x400.jpg","width":750,"height":400,"mime-type":"image\/jpeg","source_url":"https:\/\/beira.pt\/diretorio\/wp-content\/uploads\/sites\/14\/2016\/07\/Churrasqueira-Cafe-Ski-750x400.jpg"},"imgx1170x400":{"file":"Churrasqueira-Cafe-Ski-1170x400.jpg","width":1170,"height":400,"mime-type":"image\/jpeg","source_url":"https:\/\/beira.pt\/diretorio\/wp-content\/uploads\/sites\/14\/2016\/07\/Churrasqueira-Cafe-Ski-1170x400.jpg"},"argtdyu":{"file":"Churrasqueira-Cafe-Ski-515x418.jpg","width":515,"height":418,"mime-type":"image\/jpeg","source_url":"https:\/\/beira.pt\/diretorio\/wp-content\/uploads\/sites\/14\/2016\/07\/Churrasqueira-Cafe-Ski-515x418.jpg"},"rhtoskt":{"file":"Churrasqueira-Cafe-Ski-515x237.jpg","width":515,"height":237,"mime-type":"image\/jpeg","source_url":"https:\/\/beira.pt\/diretorio\/wp-content\/uploads\/sites\/14\/2016\/07\/Churrasqueira-Cafe-Ski-515x237.jpg"},"urlsouc":{"file":"Churrasqueira-Cafe-Ski-253x171.jpg","width":253,"height":171,"mime-type":"image\/jpeg","source_url":"https:\/\/beira.pt\/diretorio\/wp-content\/uploads\/sites\/14\/2016\/07\/Churrasqueira-Cafe-Ski-253x171.jpg"},"facbook":{"file":"Churrasqueira-Cafe-Ski-476x249.jpg","width":476,"height":249,"mime-type":"image\/jpeg","source_url":"https:\/\/beira.pt\/diretorio\/wp-content\/uploads\/sites\/14\/2016\/07\/Churrasqueira-Cafe-Ski-476x249.jpg"}},"image_meta":{"aperture":"0","credit":"","camera":"","caption":"","created_timestamp":"0","copyright":"","focal_length":"0","iso":"0","shutter_speed":"0","title":"","orientation":"0","keywords":[]}},"post":122408,"source_url":"https:\/\/beira.pt\/diretorio\/wp-content\/uploads\/sites\/14\/2016\/07\/Churrasqueira-Cafe-Ski.jpg"},"acf":{"destacar_na_pagina_principal":"homeo","apresentacao_resumida":"","apresentacao_detalhada":"","envolvencia":"","morada":"Rua 1.\u00ba de Maio 6260-101 Manteigas","codigo_postal":"6260-101","localidade":"","telefone":"","telemovel":"(+351) 962 925 509","email":"","website":"","plataforma_de_reservas":"","coordenadas":{"address":"R. 1 de Maio 41, 6260 Manteigas, Portugal","lat":40.40142615080437,"lng":-7.5370542334518404},"latitude":"","longitude":"","logotipo_da_empresa":"","galeria_de_fotografias":"","facebook":"","twitter":"","linkedin":"","pinterest":"","instagram":"","youtube":"","horarios":"<ul>\r\n \t<li>09:30 - 02:00 horas<\/li>\r\n<\/ul>\r\nDia de fecho: Segunda- feira","periodo_de_ferias":"","outras_informacoes":"","caracteristicas_do_espaco":"","capacidade":"","preco_medio_por_refeicao":"","tipos_de_cozinha":"","ementa":"","n_de_quartos":"","preco_medio_por_noite":"","check_in":"","check_out":"","reservar_no_booking":"","produtos":null,"produto_lider":"nao","identificacao_do_produto_lider":null,"paises_de_exportacao":"","data_de_constituicao_da_empresa":null,"cae":"","setor_de_atividade":"","sub_setor_de_atividade":"","rnal":"","numero_de_contribuinte":"","numero_de_seguranca_social":"","forma_juridica":"Empres\u00e1rio em nome individual","numero_de_trabalhadores":"","responsavel":"","contacto_telefonico":"","capital_social":"","volume_de_vendas":"","mercados_onde_exerce_atividades":["nacional"],"tipo_de_clientes":""},"jetpack_featured_media_url":"https:\/\/beira.pt\/diretorio\/wp-content\/uploads\/sites\/14\/2016\/07\/Churrasqueira-Cafe-Ski.jpg","_links":{"self":[{"href":"https:\/\/beira.pt\/diretorio\/wp-json\/wp\/v2\/posts\/122408","targetHints":{"allow":["GET"]}}],"collection":[{"href":"https:\/\/beira.pt\/diretorio\/wp-json\/wp\/v2\/posts"}],"about":[{"href":"https:\/\/beira.pt\/diretorio\/wp-json\/wp\/v2\/types\/post"}],"author":[{"embeddable":true,"href":"https:\/\/beira.pt\/diretorio\/wp-json\/wp\/v2\/users\/74"}],"replies":[{"embeddable":true,"href":"https:\/\/beira.pt\/diretorio\/wp-json\/wp\/v2\/comments?post=122408"}],"version-history":[{"count":3,"href":"https:\/\/beira.pt\/diretorio\/wp-json\/wp\/v2\/posts\/122408\/revisions"}],"predecessor-version":[{"id":129364,"href":"https:\/\/beira.pt\/diretorio\/wp-json\/wp\/v2\/posts\/122408\/revisions\/129364"}],"wp:featuredmedia":[{"embeddable":true,"href":"https:\/\/beira.pt\/diretorio\/wp-json\/wp\/v2\/media\/122409"}],"wp:attachment":[{"href":"https:\/\/beira.pt\/diretorio\/wp-json\/wp\/v2\/media?parent=122408"}],"wp:term":[{"taxonomy":"category","embeddable":true,"href":"https:\/\/beira.pt\/diretorio\/wp-json\/wp\/v2\/categories?post=122408"},{"taxonomy":"post_tag","embeddable":true,"href":"https:\/\/beira.pt\/diretorio\/wp-json\/wp\/v2\/tags?post=122408"},{"taxonomy":"concelhos","embeddable":true,"href":"https:\/\/beira.pt\/diretorio\/wp-json\/wp\/v2\/concelhos?post=122408"}],"curies":[{"name":"wp","href":"https:\/\/api.w.org\/{rel}","templated":true}]}}