{"id":122386,"date":"2016-07-20T15:10:40","date_gmt":"2016-07-20T15:10:40","guid":{"rendered":"http:\/\/beira.pt\/diretorio\/?p=122386"},"modified":"2016-07-20T15:16:21","modified_gmt":"2016-07-20T15:16:21","slug":"estalagem-portas-rodao","status":"publish","type":"post","link":"https:\/\/beira.pt\/diretorio\/estalagem-portas-rodao\/","title":{"rendered":"Estalagem Portas de R\u00f3d\u00e3o"},"content":{"rendered":"<p style=\"text-align: justify\">A Estalagem Portas de R\u00f3d\u00e3o est\u00e1 virada para o Monumento Natural das Portas de R\u00f3d\u00e3o e disponibiliza vistas sobre o Rio Tejo, piscinas exteriores, campos de t\u00e9nis e um restaurante no local.\u00a0Os quartos est\u00e3o cuidadosamente decorados e disp\u00f5em de um papel de parede florido, de uma televis\u00e3o de ecr\u00e3 plano e de uma casa de banho privativa. Todos t\u00eam ar condicionado e alguns est\u00e3o equipados com uma m\u00e1quina de caf\u00e9.\u00a0Os h\u00f3spedes podem desfrutar de refei\u00e7\u00f5es no restaurante e de uma bebida no bar. A Estalagem Portas de R\u00f3d\u00e3o poder\u00e1 organizar excurs\u00f5es para as aldeias vizinhas e passeios de barco.<\/p>\n","protected":false},"excerpt":{"rendered":"<p>A Estalagem Portas de R\u00f3d\u00e3o est\u00e1 virada para o Monumento Natural das Portas de R\u00f3d\u00e3o e disponibiliza vistas sobre o Rio Tejo, piscinas exteriores, campos de t\u00e9nis e um restaurante no local.\u00a0Os quartos est\u00e3o cuidadosamente decorados e disp\u00f5em de um papel de parede florido, de uma televis\u00e3o de ecr\u00e3 plano e de uma casa de [&hellip;]<\/p>\n","protected":false},"author":30,"featured_media":122387,"comment_status":"closed","ping_status":"closed","sticky":false,"template":"","format":"standard","meta":{"_acf_changed":false,"advanced_seo_description":"","jetpack_seo_html_title":"","jetpack_seo_noindex":false,"footnotes":""},"categories":[78],"tags":[10897,9571],"concelhos":[39],"class_list":["post-122386","post","type-post","status-publish","format-standard","has-post-thumbnail","hentry","category-estalagem","tag-estalagem-portas-de-rodao","tag-vila-velha-de-rodao","concelhos-vila-velha-de-rodao"],"better_featured_image":{"id":122387,"alt_text":"Estalagem Portas de R\u00f3d\u00e3o","caption":"Booking.com","description":"Estalagem Portas de R\u00f3d\u00e3o","media_type":"image","media_details":{"width":840,"height":460,"file":"2016\/07\/Estalagem-Portas-de-Rodao.jpg","sizes":{"medium":{"file":"Estalagem-Portas-de-Rodao-300x164.jpg","width":300,"height":164,"mime-type":"image\/jpeg","source_url":"https:\/\/beira.pt\/diretorio\/wp-content\/uploads\/sites\/14\/2016\/07\/Estalagem-Portas-de-Rodao-300x164.jpg"},"thumbnail":{"file":"Estalagem-Portas-de-Rodao-80x80.jpg","width":80,"height":80,"mime-type":"image\/jpeg","source_url":"https:\/\/beira.pt\/diretorio\/wp-content\/uploads\/sites\/14\/2016\/07\/Estalagem-Portas-de-Rodao-80x80.jpg"},"medium_large":{"file":"Estalagem-Portas-de-Rodao-768x421.jpg","width":768,"height":421,"mime-type":"image\/jpeg","source_url":"https:\/\/beira.pt\/diretorio\/wp-content\/uploads\/sites\/14\/2016\/07\/Estalagem-Portas-de-Rodao-768x421.jpg"},"imgx360x185":{"file":"Estalagem-Portas-de-Rodao-360x185.jpg","width":360,"height":185,"mime-type":"image\/jpeg","source_url":"https:\/\/beira.pt\/diretorio\/wp-content\/uploads\/sites\/14\/2016\/07\/Estalagem-Portas-de-Rodao-360x185.jpg"},"imgx750x400":{"file":"Estalagem-Portas-de-Rodao-750x400.jpg","width":750,"height":400,"mime-type":"image\/jpeg","source_url":"https:\/\/beira.pt\/diretorio\/wp-content\/uploads\/sites\/14\/2016\/07\/Estalagem-Portas-de-Rodao-750x400.jpg"},"imgx1170x400":{"file":"Estalagem-Portas-de-Rodao-1170x400.jpg","width":1170,"height":400,"mime-type":"image\/jpeg","source_url":"https:\/\/beira.pt\/diretorio\/wp-content\/uploads\/sites\/14\/2016\/07\/Estalagem-Portas-de-Rodao-1170x400.jpg"},"argtdyu":{"file":"Estalagem-Portas-de-Rodao-515x418.jpg","width":515,"height":418,"mime-type":"image\/jpeg","source_url":"https:\/\/beira.pt\/diretorio\/wp-content\/uploads\/sites\/14\/2016\/07\/Estalagem-Portas-de-Rodao-515x418.jpg"},"rhtoskt":{"file":"Estalagem-Portas-de-Rodao-515x237.jpg","width":515,"height":237,"mime-type":"image\/jpeg","source_url":"https:\/\/beira.pt\/diretorio\/wp-content\/uploads\/sites\/14\/2016\/07\/Estalagem-Portas-de-Rodao-515x237.jpg"},"urlsouc":{"file":"Estalagem-Portas-de-Rodao-253x171.jpg","width":253,"height":171,"mime-type":"image\/jpeg","source_url":"https:\/\/beira.pt\/diretorio\/wp-content\/uploads\/sites\/14\/2016\/07\/Estalagem-Portas-de-Rodao-253x171.jpg"},"facbook":{"file":"Estalagem-Portas-de-Rodao-476x249.jpg","width":476,"height":249,"mime-type":"image\/jpeg","source_url":"https:\/\/beira.pt\/diretorio\/wp-content\/uploads\/sites\/14\/2016\/07\/Estalagem-Portas-de-Rodao-476x249.jpg"}},"image_meta":{"aperture":"0","credit":"","camera":"","caption":"","created_timestamp":"0","copyright":"","focal_length":"0","iso":"0","shutter_speed":"0","title":"","orientation":"0","keywords":[]}},"post":122386,"source_url":"https:\/\/beira.pt\/diretorio\/wp-content\/uploads\/sites\/14\/2016\/07\/Estalagem-Portas-de-Rodao.jpg"},"acf":{"destacar_na_pagina_principal":"homeo","apresentacao_resumida":"","apresentacao_detalhada":"","envolvencia":"","morada":"Rua comendador Jo\u00e3o Martins n\u00ba3, 6030-242 Vila Velha de R\u00f3d\u00e3o, Portugal","codigo_postal":"6030-242","localidade":"","telefone":"(+351) 272 545 125 \/ (+351) 272 541 196","telemovel":"(+351) 966 504 149","email":"estalagemrodao@gmail.com","website":"http:\/\/estalagemrodao.wix.com\/estalagemportasrodao","plataforma_de_reservas":"","coordenadas":{"address":"R. do Cabe\u00e7o do Salvador 127, 6030-242 Vila Velha de Rod\u00e3o, Portugal","lat":39.65260008442446,"lng":-7.667748257517815},"latitude":"","longitude":"","logotipo_da_empresa":null,"galeria_de_fotografias":"","facebook":"https:\/\/www.facebook.com\/pages\/Estalagem-Portas-de-R%C3%B3d%C3%A3o\/180035082052163?fref=ts","twitter":"","linkedin":"","pinterest":"","instagram":"","youtube":"","horarios":"","periodo_de_ferias":"","outras_informacoes":"Idiomas falados:\u00a0Romeno,\u00a0Portugu\u00eas,\u00a0Franc\u00eas,\u00a0Espanhol,\u00a0Ingl\u00eas.\r\n\r\nAcesso Wi-Fi dispon\u00edvel.\r\n\r\nEstacionamento gratuito e privado.","caracteristicas_do_espaco":"","capacidade":"","preco_medio_por_refeicao":"","tipos_de_cozinha":"","ementa":"","n_de_quartos":"13","preco_medio_por_noite":"","check_in":"Das 14:00 \u00e1s 22:00 horas","check_out":"Das 07:00 \u00e1s 11:00 horas","reservar_no_booking":"http:\/\/www.booking.com\/hotel\/pt\/estalagem-portas-de-rodao.html?aid=1128444","produtos":null,"produto_lider":"nao","identificacao_do_produto_lider":null,"paises_de_exportacao":"","data_de_constituicao_da_empresa":null,"cae":"","setor_de_atividade":"","sub_setor_de_atividade":"","rnal":"","numero_de_contribuinte":"","numero_de_seguranca_social":"","forma_juridica":"Empres\u00e1rio em nome individual","numero_de_trabalhadores":"","responsavel":"","contacto_telefonico":"","capital_social":"","volume_de_vendas":"","mercados_onde_exerce_atividades":["nacional"],"tipo_de_clientes":""},"jetpack_featured_media_url":"https:\/\/beira.pt\/diretorio\/wp-content\/uploads\/sites\/14\/2016\/07\/Estalagem-Portas-de-Rodao.jpg","_links":{"self":[{"href":"https:\/\/beira.pt\/diretorio\/wp-json\/wp\/v2\/posts\/122386","targetHints":{"allow":["GET"]}}],"collection":[{"href":"https:\/\/beira.pt\/diretorio\/wp-json\/wp\/v2\/posts"}],"about":[{"href":"https:\/\/beira.pt\/diretorio\/wp-json\/wp\/v2\/types\/post"}],"author":[{"embeddable":true,"href":"https:\/\/beira.pt\/diretorio\/wp-json\/wp\/v2\/users\/30"}],"replies":[{"embeddable":true,"href":"https:\/\/beira.pt\/diretorio\/wp-json\/wp\/v2\/comments?post=122386"}],"version-history":[{"count":0,"href":"https:\/\/beira.pt\/diretorio\/wp-json\/wp\/v2\/posts\/122386\/revisions"}],"wp:featuredmedia":[{"embeddable":true,"href":"https:\/\/beira.pt\/diretorio\/wp-json\/wp\/v2\/media\/122387"}],"wp:attachment":[{"href":"https:\/\/beira.pt\/diretorio\/wp-json\/wp\/v2\/media?parent=122386"}],"wp:term":[{"taxonomy":"category","embeddable":true,"href":"https:\/\/beira.pt\/diretorio\/wp-json\/wp\/v2\/categories?post=122386"},{"taxonomy":"post_tag","embeddable":true,"href":"https:\/\/beira.pt\/diretorio\/wp-json\/wp\/v2\/tags?post=122386"},{"taxonomy":"concelhos","embeddable":true,"href":"https:\/\/beira.pt\/diretorio\/wp-json\/wp\/v2\/concelhos?post=122386"}],"curies":[{"name":"wp","href":"https:\/\/api.w.org\/{rel}","templated":true}]}}