{"id":122034,"date":"2016-06-29T09:05:26","date_gmt":"2016-06-29T09:05:26","guid":{"rendered":"http:\/\/beira.pt\/diretorio\/?p=122034"},"modified":"2016-06-29T09:05:26","modified_gmt":"2016-06-29T09:05:26","slug":"queijaria-artesanal-fernandes","status":"publish","type":"post","link":"https:\/\/beira.pt\/diretorio\/queijaria-artesanal-fernandes\/","title":{"rendered":"Queijaria Artesanal Fernandes"},"content":{"rendered":"<p>A Vitor Fernandes &#8211; Queijaria Artesanal, Lda pauta a sua atua\u00e7\u00e3o pelo rigor e qualidade, procurando constantemente oferecer os melhores produtos aos seus clientes, o que lhes confere uma identidade \u00fanica.<br \/>\nAtrav\u00e9s do seu saber e experi\u00eancia, juntamente com as condi\u00e7\u00f5es geogr\u00e1ficas peculiares desta Regi\u00e3o: as pastagens necess\u00e1rias para a cria\u00e7\u00e3o de gado ovino, assim como uma extraordin\u00e1ria exuber\u00e2ncia de flora asseguram a labora de leite e permitem a produ\u00e7\u00e3o durante todo ano.<\/p>\n<p>Queijo de azeit\u00e3o D.O.P.<br \/>\nQueijo de ovelha curado<br \/>\nRequeij\u00e3o de ovelha Azeit\u00e3o<br \/>\nManteiga de ovelha Azeit\u00e3o<\/p>\n<p><strong>Pr\u00e9mios<\/strong><\/p>\n<p><strong>Queijo de Azeit\u00e3o D.O.P.<\/strong><br \/>\nMedalha de bronze (World Cheese Awards2013)<br \/>\n3 Estrelas (Great Taste Awards 2014)<br \/>\nTOP 50 (Great <span class=\"text_exposed_show\">Taste Awards 2014)<br \/>\n<strong>Queijo de ovelha curado<\/strong><br \/>\n2 Estrelas Great Taste Awards 2015)<br \/>\nMedalha de bronze (World Cheese Awards 2014)<br \/>\n2 Estrelas Great Taste Awards 2014)<br \/>\nMelhor queijo de ovelha 2011 (ANIL)<br \/>\nMelhor queijo de ovelha 2012 (ANIL)<br \/>\nMedalha de prata (Concurso nacional de queijos tradicionais portugueses)<br \/>\nMens\u00e3o honrosa no queijo de ovelha 2013 (ANIL)<br \/>\n<strong>Requeij\u00e3o de ovelha Azeit\u00e3o<\/strong><br \/>\nMelhor requeij\u00e3o de ovelha 2011 (ANIL)<br \/>\nMens\u00e3o honrosa no requeij\u00e3o de ovelha 2012 (ANIL)<br \/>\nMelhor requeij\u00e3o de ovelha 2013 (ANIL)<br \/>\nMelhor requeij\u00e3o de ovelha 2014 (ANIL)<br \/>\n<strong>Manteiga de ovelha Azeit\u00e3o<\/strong><br \/>\n3 Estrela (Great Taste Awards 2015)<br \/>\n1 Estrela (Great Taste Awards 2014)<br \/>\n<strong>Queijo de ovelha fresco<\/strong><br \/>\nMens\u00e3o honrosa no queijo fresco de ovelha 2014 (ANIL)<\/span><\/p>\n","protected":false},"excerpt":{"rendered":"<p>A Vitor Fernandes &#8211; Queijaria Artesanal, Lda pauta a sua atua\u00e7\u00e3o pelo rigor e qualidade, procurando constantemente oferecer os melhores produtos aos seus clientes, o que lhes confere uma identidade \u00fanica. Atrav\u00e9s do seu saber e experi\u00eancia, juntamente com as condi\u00e7\u00f5es geogr\u00e1ficas peculiares desta Regi\u00e3o: as pastagens necess\u00e1rias para a cria\u00e7\u00e3o de gado ovino, assim [&hellip;]<\/p>\n","protected":false},"author":1,"featured_media":122035,"comment_status":"closed","ping_status":"closed","sticky":false,"template":"","format":"standard","meta":{"_acf_changed":false,"advanced_seo_description":"","jetpack_seo_html_title":"","jetpack_seo_noindex":false,"footnotes":""},"categories":[5684],"tags":[229,9562],"concelhos":[27],"class_list":["post-122034","post","type-post","status-publish","format-standard","has-post-thumbnail","hentry","category-queijo","tag-queijo","tag-sabugal","concelhos-sabugal"],"better_featured_image":{"id":122035,"alt_text":"","caption":"","description":"","media_type":"image","media_details":{"width":960,"height":325,"file":"2016\/06\/13512246_1825804397648130_9172217184549630621_n.jpg","sizes":{"medium":{"file":"13512246_1825804397648130_9172217184549630621_n-300x102.jpg","width":300,"height":102,"mime-type":"image\/jpeg","source_url":"https:\/\/beira.pt\/diretorio\/wp-content\/uploads\/sites\/14\/2016\/06\/13512246_1825804397648130_9172217184549630621_n-300x102.jpg"},"thumbnail":{"file":"13512246_1825804397648130_9172217184549630621_n-80x80.jpg","width":80,"height":80,"mime-type":"image\/jpeg","source_url":"https:\/\/beira.pt\/diretorio\/wp-content\/uploads\/sites\/14\/2016\/06\/13512246_1825804397648130_9172217184549630621_n-80x80.jpg"},"medium_large":{"file":"13512246_1825804397648130_9172217184549630621_n-768x260.jpg","width":768,"height":260,"mime-type":"image\/jpeg","source_url":"https:\/\/beira.pt\/diretorio\/wp-content\/uploads\/sites\/14\/2016\/06\/13512246_1825804397648130_9172217184549630621_n-768x260.jpg"},"imgx360x185":{"file":"13512246_1825804397648130_9172217184549630621_n-360x185.jpg","width":360,"height":185,"mime-type":"image\/jpeg","source_url":"https:\/\/beira.pt\/diretorio\/wp-content\/uploads\/sites\/14\/2016\/06\/13512246_1825804397648130_9172217184549630621_n-360x185.jpg"},"imgx750x400":{"file":"13512246_1825804397648130_9172217184549630621_n-750x400.jpg","width":750,"height":400,"mime-type":"image\/jpeg","source_url":"https:\/\/beira.pt\/diretorio\/wp-content\/uploads\/sites\/14\/2016\/06\/13512246_1825804397648130_9172217184549630621_n-750x400.jpg"},"imgx1170x400":{"file":"13512246_1825804397648130_9172217184549630621_n-1170x400.jpg","width":1170,"height":400,"mime-type":"image\/jpeg","source_url":"https:\/\/beira.pt\/diretorio\/wp-content\/uploads\/sites\/14\/2016\/06\/13512246_1825804397648130_9172217184549630621_n-1170x400.jpg"},"argtdyu":{"file":"13512246_1825804397648130_9172217184549630621_n-515x418.jpg","width":515,"height":418,"mime-type":"image\/jpeg","source_url":"https:\/\/beira.pt\/diretorio\/wp-content\/uploads\/sites\/14\/2016\/06\/13512246_1825804397648130_9172217184549630621_n-515x418.jpg"},"rhtoskt":{"file":"13512246_1825804397648130_9172217184549630621_n-515x237.jpg","width":515,"height":237,"mime-type":"image\/jpeg","source_url":"https:\/\/beira.pt\/diretorio\/wp-content\/uploads\/sites\/14\/2016\/06\/13512246_1825804397648130_9172217184549630621_n-515x237.jpg"},"urlsouc":{"file":"13512246_1825804397648130_9172217184549630621_n-253x171.jpg","width":253,"height":171,"mime-type":"image\/jpeg","source_url":"https:\/\/beira.pt\/diretorio\/wp-content\/uploads\/sites\/14\/2016\/06\/13512246_1825804397648130_9172217184549630621_n-253x171.jpg"},"facbook":{"file":"13512246_1825804397648130_9172217184549630621_n-476x249.jpg","width":476,"height":249,"mime-type":"image\/jpeg","source_url":"https:\/\/beira.pt\/diretorio\/wp-content\/uploads\/sites\/14\/2016\/06\/13512246_1825804397648130_9172217184549630621_n-476x249.jpg"}},"image_meta":{"aperture":"0","credit":"","camera":"","caption":"","created_timestamp":"0","copyright":"","focal_length":"0","iso":"0","shutter_speed":"0","title":"","orientation":"0","keywords":[]}},"post":122034,"source_url":"https:\/\/beira.pt\/diretorio\/wp-content\/uploads\/sites\/14\/2016\/06\/13512246_1825804397648130_9172217184549630621_n.jpg"},"acf":{"destacar_na_pagina_principal":"homeo","apresentacao_resumida":"","apresentacao_detalhada":"","envolvencia":"","morada":"Rua S\u00e3o Br\u00e1s C.C.I. 8305, Palmela","codigo_postal":"2950-293","localidade":"","telefone":"210807796","telemovel":"914075767","email":"victor.queijaria@netvisao.pt","website":"http:\/\/victorfernandes.lda.pt\/pt\/queijaria","plataforma_de_reservas":"","coordenadas":{"address":"Rua S\u00e3o Br\u00e1s C.C.I. 8305, 2950-293 Palmela","lat":38.5716419,"lng":-8.923609700000043},"latitude":"","longitude":"","logotipo_da_empresa":null,"galeria_de_fotografias":[122035,122036],"facebook":"https:\/\/www.facebook.com\/VitorFernandesQueijariaArtesanalLda\/","twitter":"","linkedin":"","pinterest":"","instagram":"","youtube":"","horarios":"","periodo_de_ferias":"","outras_informacoes":"","caracteristicas_do_espaco":"","capacidade":"","preco_medio_por_refeicao":"","tipos_de_cozinha":"","ementa":"","n_de_quartos":"","preco_medio_por_noite":"","check_in":"","check_out":"","reservar_no_booking":"","produtos":null,"produto_lider":"nao","identificacao_do_produto_lider":null,"paises_de_exportacao":"","data_de_constituicao_da_empresa":null,"cae":"","setor_de_atividade":"","sub_setor_de_atividade":"","rnal":"","numero_de_contribuinte":"","numero_de_seguranca_social":"","forma_juridica":"Empres\u00e1rio em nome individual","numero_de_trabalhadores":"","responsavel":"","contacto_telefonico":"","capital_social":"","volume_de_vendas":"","mercados_onde_exerce_atividades":["nacional"],"tipo_de_clientes":""},"jetpack_featured_media_url":"https:\/\/beira.pt\/diretorio\/wp-content\/uploads\/sites\/14\/2016\/06\/13512246_1825804397648130_9172217184549630621_n.jpg","_links":{"self":[{"href":"https:\/\/beira.pt\/diretorio\/wp-json\/wp\/v2\/posts\/122034","targetHints":{"allow":["GET"]}}],"collection":[{"href":"https:\/\/beira.pt\/diretorio\/wp-json\/wp\/v2\/posts"}],"about":[{"href":"https:\/\/beira.pt\/diretorio\/wp-json\/wp\/v2\/types\/post"}],"author":[{"embeddable":true,"href":"https:\/\/beira.pt\/diretorio\/wp-json\/wp\/v2\/users\/1"}],"replies":[{"embeddable":true,"href":"https:\/\/beira.pt\/diretorio\/wp-json\/wp\/v2\/comments?post=122034"}],"version-history":[{"count":0,"href":"https:\/\/beira.pt\/diretorio\/wp-json\/wp\/v2\/posts\/122034\/revisions"}],"acf:attachment":[{"embeddable":true,"href":"https:\/\/beira.pt\/diretorio\/wp-json\/wp\/v2\/media\/122036"},{"embeddable":true,"href":"https:\/\/beira.pt\/diretorio\/wp-json\/wp\/v2\/media\/122035"}],"wp:featuredmedia":[{"embeddable":true,"href":"https:\/\/beira.pt\/diretorio\/wp-json\/wp\/v2\/media\/122035"}],"wp:attachment":[{"href":"https:\/\/beira.pt\/diretorio\/wp-json\/wp\/v2\/media?parent=122034"}],"wp:term":[{"taxonomy":"category","embeddable":true,"href":"https:\/\/beira.pt\/diretorio\/wp-json\/wp\/v2\/categories?post=122034"},{"taxonomy":"post_tag","embeddable":true,"href":"https:\/\/beira.pt\/diretorio\/wp-json\/wp\/v2\/tags?post=122034"},{"taxonomy":"concelhos","embeddable":true,"href":"https:\/\/beira.pt\/diretorio\/wp-json\/wp\/v2\/concelhos?post=122034"}],"curies":[{"name":"wp","href":"https:\/\/api.w.org\/{rel}","templated":true}]}}