{"id":112854,"date":"2015-04-27T15:26:24","date_gmt":"2015-04-27T14:26:24","guid":{"rendered":"http:\/\/beira.pt\/?p=112854"},"modified":"2016-06-13T10:22:11","modified_gmt":"2016-06-13T10:22:11","slug":"casa-do-fundo","status":"publish","type":"post","link":"https:\/\/beira.pt\/diretorio\/casa-do-fundo\/","title":{"rendered":"Casa do Fundo"},"content":{"rendered":"<p style=\"text-align: justify\">A\u00a0Casa do Fundo situa-se no Pereiro, a 8 km de Seia, \u00e9 o local pr\u00f3prio para descansar antes de uma brava incurs\u00e3o \u00e0 Serra da Estrela. A sua constru\u00e7\u00e3o gran\u00edtica data dos finais do s\u00e9culo XX, tipifica a arquitectura solida e robusta de uma casa perten\u00e7a de\u00a0agricultores abastados. No interior respira-se calma e tranquilidade, observando o verde que se estende aos p\u00e9s dos visitantes. \u00c0 entrada do port\u00e3o um antigo lagar com a sua majestosa prensa de vara e um pouco mais longe as ru\u00ednas do forno de p\u00e3o comunit\u00e1rio.<\/p>\n<p style=\"text-align: justify\">Os interiores foram adaptados pela propriet\u00e1ria com mestria e sensibilidade ao conforto e exig\u00eancias da vida moderna onde as pessoas podem refugiar-se das grandes cidades.<\/p>\n<p style=\"text-align: justify\">A Casa do Fundo \u00e9 constitu\u00edda por 3 pisos onde os hospedes podem usufruir comodidade absoluta. No piso t\u00e9rreo, instala\u00e7\u00e3o que albergava os animais e as alfaias, idealizou-se a \u00e1rea social, onde se aproveitaram para decora\u00e7\u00e3o velhos utens\u00edlios ligados \u00e0 faina do campo. Aqui localiza-se um amplo e simp\u00e1tico sal\u00e3o com bar e imponente lareira. A cozinha foi mantida no seu espa\u00e7o original mas reflectindo a funcionalidade dos tempos atuais. No espa\u00e7o continuo a sala de estar.\u00a0Ao pequeno-almo\u00e7o, n\u00e3o deixe de experimentar as iguarias serranas dispostas em frascos gulosos, cestos de vime e pratinhos arom\u00e1ticos.<\/p>\n","protected":false},"excerpt":{"rendered":"<p>A Casa do Fundo \u00e9 um mist\u00e9rio a ser desvendado por quem aprecia o turismo rural. <\/p>\n","protected":false},"author":6,"featured_media":112855,"comment_status":"closed","ping_status":"closed","sticky":false,"template":"","format":"image","meta":{"_acf_changed":false,"advanced_seo_description":"","jetpack_seo_html_title":"","jetpack_seo_noindex":false,"footnotes":""},"categories":[81],"tags":[8769,9563],"concelhos":[28],"class_list":["post-112854","post","type-post","status-publish","format-image","has-post-thumbnail","hentry","category-turismo-de-habitacao","tag-cimbse","tag-seia","post_format-post-format-image","concelhos-seia"],"better_featured_image":{"id":112855,"alt_text":"Casa do Fundo","caption":"Casa do Fundo","description":"Casa do Fundo","media_type":"image","media_details":{"width":640,"height":640,"file":"2015\/04\/22415_10153799224803572_7224310057284288983_n.jpg","sizes":{"medium":{"file":"22415_10153799224803572_7224310057284288983_n-300x300.jpg","width":300,"height":300,"mime-type":"image\/jpeg","source_url":"https:\/\/beira.pt\/diretorio\/wp-content\/uploads\/sites\/14\/2015\/04\/22415_10153799224803572_7224310057284288983_n-300x300.jpg"},"thumbnail":{"file":"22415_10153799224803572_7224310057284288983_n-80x80.jpg","width":80,"height":80,"mime-type":"image\/jpeg","source_url":"https:\/\/beira.pt\/diretorio\/wp-content\/uploads\/sites\/14\/2015\/04\/22415_10153799224803572_7224310057284288983_n-80x80.jpg"},"imgx360x185":{"file":"22415_10153799224803572_7224310057284288983_n-360x185.jpg","width":360,"height":185,"mime-type":"image\/jpeg","source_url":"https:\/\/beira.pt\/diretorio\/wp-content\/uploads\/sites\/14\/2015\/04\/22415_10153799224803572_7224310057284288983_n-360x185.jpg"},"imgx750x400":{"file":"22415_10153799224803572_7224310057284288983_n-750x400.jpg","width":750,"height":400,"mime-type":"image\/jpeg","source_url":"https:\/\/beira.pt\/diretorio\/wp-content\/uploads\/sites\/14\/2015\/04\/22415_10153799224803572_7224310057284288983_n-750x400.jpg"},"imgx1170x400":{"file":"22415_10153799224803572_7224310057284288983_n-1170x400.jpg","width":1170,"height":400,"mime-type":"image\/jpeg","source_url":"https:\/\/beira.pt\/diretorio\/wp-content\/uploads\/sites\/14\/2015\/04\/22415_10153799224803572_7224310057284288983_n-1170x400.jpg"},"argtdyu":{"file":"22415_10153799224803572_7224310057284288983_n-515x418.jpg","width":515,"height":418,"mime-type":"image\/jpeg","source_url":"https:\/\/beira.pt\/diretorio\/wp-content\/uploads\/sites\/14\/2015\/04\/22415_10153799224803572_7224310057284288983_n-515x418.jpg"},"rhtoskt":{"file":"22415_10153799224803572_7224310057284288983_n-515x237.jpg","width":515,"height":237,"mime-type":"image\/jpeg","source_url":"https:\/\/beira.pt\/diretorio\/wp-content\/uploads\/sites\/14\/2015\/04\/22415_10153799224803572_7224310057284288983_n-515x237.jpg"},"urlsouc":{"file":"22415_10153799224803572_7224310057284288983_n-253x171.jpg","width":253,"height":171,"mime-type":"image\/jpeg","source_url":"https:\/\/beira.pt\/diretorio\/wp-content\/uploads\/sites\/14\/2015\/04\/22415_10153799224803572_7224310057284288983_n-253x171.jpg"},"facbook":{"file":"22415_10153799224803572_7224310057284288983_n-476x249.jpg","width":476,"height":249,"mime-type":"image\/jpeg","source_url":"https:\/\/beira.pt\/diretorio\/wp-content\/uploads\/sites\/14\/2015\/04\/22415_10153799224803572_7224310057284288983_n-476x249.jpg"}},"image_meta":{"aperture":"0","credit":"","camera":"","caption":"","created_timestamp":"0","copyright":"","focal_length":"0","iso":"0","shutter_speed":"0","title":"","orientation":"0","keywords":[]}},"post":112854,"source_url":"https:\/\/beira.pt\/diretorio\/wp-content\/uploads\/sites\/14\/2015\/04\/22415_10153799224803572_7224310057284288983_n.jpg"},"acf":{"destacar_na_pagina_principal":"homeo","apresentacao_resumida":"","apresentacao_detalhada":"","envolvencia":"Localizada no Pereiro, a 8km de Seia, \u00e9 o local ideal para quem procura um local calmo e longe da confus\u00e3o.","morada":"Rua Ant\u00f3nio Pinto Pereira 119, 6270-583, Portugal","codigo_postal":"6270-584","localidade":"28","telefone":"(+351) 238 902 118 \/ 238 978 542","telemovel":"(+351) 922 279 219 \/ (+351) 913 370 328","email":"geral@casadofundo.com","website":"http:\/\/www.casadofundo.com\/","plataforma_de_reservas":"","coordenadas":{"address":"Rua Ra\u00fal Pinto Pereira 119, 6270-583, Portugal","lat":40.44829268352257,"lng":-7.770300515374743},"latitude":"","longitude":"","logotipo_da_empresa":null,"galeria_de_fotografias":"","facebook":"https:\/\/www.facebook.com\/casadofundo?fref=ts","twitter":"https:\/\/twitter.com\/casadofundo","linkedin":"","pinterest":"","instagram":"","youtube":"","horarios":"","periodo_de_ferias":"","outras_informacoes":"Tipos de Pagamento: Multibanco\r\n\r\nFlickr: https:\/\/www.flickr.com\/photos\/casadofundo\/","caracteristicas_do_espaco":"","capacidade":"","preco_medio_por_refeicao":"","tipos_de_cozinha":"","ementa":"","n_de_quartos":"5","preco_medio_por_noite":"","check_in":"A partir das 15 horas","check_out":"At\u00e9 \u00e0s 12 horas","reservar_no_booking":"","produtos":null,"produto_lider":"nao","identificacao_do_produto_lider":null,"paises_de_exportacao":"","data_de_constituicao_da_empresa":null,"cae":"","setor_de_atividade":"","sub_setor_de_atividade":"","rnal":"","numero_de_contribuinte":"","numero_de_seguranca_social":"","forma_juridica":"Empres\u00e1rio em nome individual","numero_de_trabalhadores":"","responsavel":"","contacto_telefonico":"","capital_social":"","volume_de_vendas":"","mercados_onde_exerce_atividades":["nacional"],"tipo_de_clientes":""},"jetpack_featured_media_url":"https:\/\/beira.pt\/diretorio\/wp-content\/uploads\/sites\/14\/2015\/04\/22415_10153799224803572_7224310057284288983_n.jpg","_links":{"self":[{"href":"https:\/\/beira.pt\/diretorio\/wp-json\/wp\/v2\/posts\/112854","targetHints":{"allow":["GET"]}}],"collection":[{"href":"https:\/\/beira.pt\/diretorio\/wp-json\/wp\/v2\/posts"}],"about":[{"href":"https:\/\/beira.pt\/diretorio\/wp-json\/wp\/v2\/types\/post"}],"author":[{"embeddable":true,"href":"https:\/\/beira.pt\/diretorio\/wp-json\/wp\/v2\/users\/6"}],"replies":[{"embeddable":true,"href":"https:\/\/beira.pt\/diretorio\/wp-json\/wp\/v2\/comments?post=112854"}],"version-history":[{"count":1,"href":"https:\/\/beira.pt\/diretorio\/wp-json\/wp\/v2\/posts\/112854\/revisions"}],"predecessor-version":[{"id":121927,"href":"https:\/\/beira.pt\/diretorio\/wp-json\/wp\/v2\/posts\/112854\/revisions\/121927"}],"wp:featuredmedia":[{"embeddable":true,"href":"https:\/\/beira.pt\/diretorio\/wp-json\/wp\/v2\/media\/112855"}],"wp:attachment":[{"href":"https:\/\/beira.pt\/diretorio\/wp-json\/wp\/v2\/media?parent=112854"}],"wp:term":[{"taxonomy":"category","embeddable":true,"href":"https:\/\/beira.pt\/diretorio\/wp-json\/wp\/v2\/categories?post=112854"},{"taxonomy":"post_tag","embeddable":true,"href":"https:\/\/beira.pt\/diretorio\/wp-json\/wp\/v2\/tags?post=112854"},{"taxonomy":"concelhos","embeddable":true,"href":"https:\/\/beira.pt\/diretorio\/wp-json\/wp\/v2\/concelhos?post=112854"}],"curies":[{"name":"wp","href":"https:\/\/api.w.org\/{rel}","templated":true}]}}