{"id":112773,"date":"2015-04-27T11:57:50","date_gmt":"2015-04-27T10:57:50","guid":{"rendered":"http:\/\/beira.pt\/?p=112773"},"modified":"2019-08-06T08:32:05","modified_gmt":"2019-08-06T08:32:05","slug":"casa-tapada-dos-moinhos","status":"publish","type":"post","link":"https:\/\/beira.pt\/diretorio\/casa-tapada-dos-moinhos\/","title":{"rendered":"Casa Tapada dos Moinhos"},"content":{"rendered":"<p style=\"text-align: justify\">A Casa Tapada dos Moinhos \u00e9 um empreendimento de Turismo em Espa\u00e7o Rural, na modalidade de Casa de Campo.\u00a0Situa-se na povoa\u00e7\u00e3o de Carvalhal da Lou\u00e7a, freguesia de Paranhos da Beira, concelho de Seia, distrito da Guarda, adjacente ao Parque Natural da Serra da Estrela.\u00a0A Casa Tapada dos Moinhos \u00e9 o resultado\u00a0da reconstru\u00e7\u00e3o e amplia\u00e7\u00e3o da Casa do Moleiro, ligada a uma explora\u00e7\u00e3o de tr\u00eas moinhos de \u00e1gua em cascata, junto ao ribeiro de Figueiredo, afluente do Rio Mondego.\u00a0Na \u00e1rea adjacente \u00e9 relevante a exist\u00eancia de uma bonita ponte romana e de um peda\u00e7o de cal\u00e7ada romana.\u00a0A propriedade r\u00fastica onde se insere, designada Tapadas, tem uma \u00e1rea cerca de 8000 m2, \u00e9 banhada pelo ribeiro, com as suas margens recheadas de \u00e1rvores frondosas, o que, aliada \u00e0s \u00e1guas sussurrantes, confere aos visitantes , prazer e bem estar, pelo que se torna um lugar ideal para repouso e restauro das fadigas do dia a dia de trabalho.<\/p>\n","protected":false},"excerpt":{"rendered":"<p>A Casa Tapada dos Moinhos \u00e9 a consequ\u00eancia da reconstru\u00e7\u00e3o e amplia\u00e7\u00e3o da Casa do Moleiro, ligada a uma ancestral explora\u00e7\u00e3o de tr\u00eas moinhos de \u00e1gua em cascata, junto ao ribeiro de Figueiredo, afluente do Rio Mondego. <\/p>\n","protected":false},"author":6,"featured_media":112779,"comment_status":"closed","ping_status":"closed","sticky":false,"template":"","format":"image","meta":{"_acf_changed":false,"advanced_seo_description":"","jetpack_seo_html_title":"","jetpack_seo_noindex":false,"footnotes":""},"categories":[7932],"tags":[8769,9563],"concelhos":[28],"class_list":["post-112773","post","type-post","status-publish","format-image","has-post-thumbnail","hentry","category-casas-de-campo","tag-cimbse","tag-seia","post_format-post-format-image","concelhos-seia"],"better_featured_image":{"id":112779,"alt_text":"","caption":"","description":"","media_type":"image","media_details":{"width":1200,"height":900,"file":"2015\/04\/20081013111733.jpg","sizes":{"medium":{"file":"20081013111733-300x225.jpg","width":300,"height":225,"mime-type":"image\/jpeg","source_url":"https:\/\/beira.pt\/diretorio\/wp-content\/uploads\/sites\/14\/2015\/04\/20081013111733-300x225.jpg"},"large":{"file":"20081013111733-1030x773.jpg","width":1030,"height":773,"mime-type":"image\/jpeg","source_url":"https:\/\/beira.pt\/diretorio\/wp-content\/uploads\/sites\/14\/2015\/04\/20081013111733-1030x773.jpg"},"thumbnail":{"file":"20081013111733-80x80.jpg","width":80,"height":80,"mime-type":"image\/jpeg","source_url":"https:\/\/beira.pt\/diretorio\/wp-content\/uploads\/sites\/14\/2015\/04\/20081013111733-80x80.jpg"},"medium_large":{"file":"20081013111733-768x576.jpg","width":768,"height":576,"mime-type":"image\/jpeg","source_url":"https:\/\/beira.pt\/diretorio\/wp-content\/uploads\/sites\/14\/2015\/04\/20081013111733-768x576.jpg"},"imgx360x185":{"file":"20081013111733-360x185.jpg","width":360,"height":185,"mime-type":"image\/jpeg","source_url":"https:\/\/beira.pt\/diretorio\/wp-content\/uploads\/sites\/14\/2015\/04\/20081013111733-360x185.jpg"},"imgx750x400":{"file":"20081013111733-750x400.jpg","width":750,"height":400,"mime-type":"image\/jpeg","source_url":"https:\/\/beira.pt\/diretorio\/wp-content\/uploads\/sites\/14\/2015\/04\/20081013111733-750x400.jpg"},"imgx1170x400":{"file":"20081013111733-1170x400.jpg","width":1170,"height":400,"mime-type":"image\/jpeg","source_url":"https:\/\/beira.pt\/diretorio\/wp-content\/uploads\/sites\/14\/2015\/04\/20081013111733-1170x400.jpg"},"argtdyu":{"file":"20081013111733-515x418.jpg","width":515,"height":418,"mime-type":"image\/jpeg","source_url":"https:\/\/beira.pt\/diretorio\/wp-content\/uploads\/sites\/14\/2015\/04\/20081013111733-515x418.jpg"},"rhtoskt":{"file":"20081013111733-515x237.jpg","width":515,"height":237,"mime-type":"image\/jpeg","source_url":"https:\/\/beira.pt\/diretorio\/wp-content\/uploads\/sites\/14\/2015\/04\/20081013111733-515x237.jpg"},"urlsouc":{"file":"20081013111733-253x171.jpg","width":253,"height":171,"mime-type":"image\/jpeg","source_url":"https:\/\/beira.pt\/diretorio\/wp-content\/uploads\/sites\/14\/2015\/04\/20081013111733-253x171.jpg"},"facbook":{"file":"20081013111733-476x249.jpg","width":476,"height":249,"mime-type":"image\/jpeg","source_url":"https:\/\/beira.pt\/diretorio\/wp-content\/uploads\/sites\/14\/2015\/04\/20081013111733-476x249.jpg"}},"image_meta":{"aperture":"0","credit":"","camera":"","caption":"","created_timestamp":"0","copyright":"","focal_length":"0","iso":"0","shutter_speed":"0","title":"","orientation":"0","keywords":[]}},"post":112773,"source_url":"https:\/\/beira.pt\/diretorio\/wp-content\/uploads\/sites\/14\/2015\/04\/20081013111733.jpg"},"acf":{"destacar_na_pagina_principal":"homeo","apresentacao_resumida":"","apresentacao_detalhada":"","envolvencia":"Situando-se a 14 Km de Seia, permite a explora\u00e7\u00e3o f\u00e1cil, dada a pequena dist\u00e2ncia, de todo o maci\u00e7o da Serra da Estrela e do conjunto de riquezas naturais que encerra, como sejam, entre outras, a Lagoa Comprida, Torre, Cov\u00e3o de Ametade, C\u00e2ntaros, Senhora da Estrela, Vale do Z\u00eazere , etc (vertente a nascente) e das piscinas naturais de Sandomil, Loriga, de todo o Rio Alva, as aldeias de xisto, Cabe\u00e7a, Pi\u00f3d\u00e3o, etc (vertente a poente).","morada":"Carvalhal da Lou\u00e7a 6270-131 Paranhos da Beira","codigo_postal":"6270-131","localidade":"28","telefone":"(+351) 238 977 069","telemovel":"(+351) 962 087 297","email":"geral@casatapadadosmoinhos.pt","website":"http:\/\/www.casatapadadosmoinhos.pt\/","plataforma_de_reservas":"","coordenadas":{"address":"Rua Bairro da Vila Rosa 10, 6270, Portugal","lat":40.49913318754691,"lng":-7.804797023709398},"latitude":"","longitude":"","logotipo_da_empresa":null,"galeria_de_fotografias":[112777,112780,112781],"facebook":"","twitter":"","linkedin":"","pinterest":"","instagram":"","youtube":"","horarios":"","periodo_de_ferias":"","outras_informacoes":"Tipos de Pagamento: Cheques","caracteristicas_do_espaco":"","capacidade":"","preco_medio_por_refeicao":"","tipos_de_cozinha":"","ementa":"","n_de_quartos":"5","preco_medio_por_noite":"","check_in":"A partir das 15 horas","check_out":"At\u00e9 \u00e0s 12 horas","reservar_no_booking":"","produtos":null,"produto_lider":"nao","identificacao_do_produto_lider":null,"paises_de_exportacao":"","data_de_constituicao_da_empresa":null,"cae":"","setor_de_atividade":"","sub_setor_de_atividade":"","rnal":"","numero_de_contribuinte":"","numero_de_seguranca_social":"","forma_juridica":"Empres\u00e1rio em nome individual","numero_de_trabalhadores":"","responsavel":"","contacto_telefonico":"","capital_social":"","volume_de_vendas":"","mercados_onde_exerce_atividades":["nacional"],"tipo_de_clientes":""},"jetpack_featured_media_url":"https:\/\/beira.pt\/diretorio\/wp-content\/uploads\/sites\/14\/2015\/04\/20081013111733.jpg","_links":{"self":[{"href":"https:\/\/beira.pt\/diretorio\/wp-json\/wp\/v2\/posts\/112773","targetHints":{"allow":["GET"]}}],"collection":[{"href":"https:\/\/beira.pt\/diretorio\/wp-json\/wp\/v2\/posts"}],"about":[{"href":"https:\/\/beira.pt\/diretorio\/wp-json\/wp\/v2\/types\/post"}],"author":[{"embeddable":true,"href":"https:\/\/beira.pt\/diretorio\/wp-json\/wp\/v2\/users\/6"}],"replies":[{"embeddable":true,"href":"https:\/\/beira.pt\/diretorio\/wp-json\/wp\/v2\/comments?post=112773"}],"version-history":[{"count":1,"href":"https:\/\/beira.pt\/diretorio\/wp-json\/wp\/v2\/posts\/112773\/revisions"}],"predecessor-version":[{"id":128107,"href":"https:\/\/beira.pt\/diretorio\/wp-json\/wp\/v2\/posts\/112773\/revisions\/128107"}],"acf:attachment":[{"embeddable":true,"href":"https:\/\/beira.pt\/diretorio\/wp-json\/wp\/v2\/media\/112781"},{"embeddable":true,"href":"https:\/\/beira.pt\/diretorio\/wp-json\/wp\/v2\/media\/112780"},{"embeddable":true,"href":"https:\/\/beira.pt\/diretorio\/wp-json\/wp\/v2\/media\/112777"}],"wp:featuredmedia":[{"embeddable":true,"href":"https:\/\/beira.pt\/diretorio\/wp-json\/wp\/v2\/media\/112779"}],"wp:attachment":[{"href":"https:\/\/beira.pt\/diretorio\/wp-json\/wp\/v2\/media?parent=112773"}],"wp:term":[{"taxonomy":"category","embeddable":true,"href":"https:\/\/beira.pt\/diretorio\/wp-json\/wp\/v2\/categories?post=112773"},{"taxonomy":"post_tag","embeddable":true,"href":"https:\/\/beira.pt\/diretorio\/wp-json\/wp\/v2\/tags?post=112773"},{"taxonomy":"concelhos","embeddable":true,"href":"https:\/\/beira.pt\/diretorio\/wp-json\/wp\/v2\/concelhos?post=112773"}],"curies":[{"name":"wp","href":"https:\/\/api.w.org\/{rel}","templated":true}]}}