{"id":110059,"date":"2015-03-09T15:23:37","date_gmt":"2015-03-09T15:23:37","guid":{"rendered":"http:\/\/beira.pt\/?p=110059"},"modified":"2016-08-03T10:02:47","modified_gmt":"2016-08-03T10:02:47","slug":"quinta-da-ferradosa","status":"publish","type":"post","link":"https:\/\/beira.pt\/diretorio\/quinta-da-ferradosa\/","title":{"rendered":"Quinta da Ferradosa"},"content":{"rendered":"<p style=\"text-align: justify\">A\u00a0Quinta da Ferradosa\u00a0localiza-se a 7 km a norte de Freixo de Espada \u00e0 Cinta, \u00a0est\u00e1 situada dentro do Parque Natural do Douro Internacional. Disponibilizando tranquilidade, possui casas com 1 ou 2 quartos e acesso Wi-Fi gratuito.\u00a0Cada acomoda\u00e7\u00e3o tem uma \u00e1rea de estar com uma salamandra, um sof\u00e1 e uma televis\u00e3o de ecr\u00e3 plano por sat\u00e9lite. Algumas acomoda\u00e7\u00f5es possuem uma kitchenette totalmente equipada, e outras t\u00eam uma cozinha.\u00a0Existe um parque infantil para as crian\u00e7as se divertirem, rodeado por um relvado. A Quinta Da Ferradosa disp\u00f5e de um servi\u00e7o de limpeza di\u00e1rio.\u00a0Os h\u00f3spedes podem utilizar 1 das bicicletas gratuitas para explorar o ambiente natural, e experimentar a sua sorte no lago nas proximidades, com uma sess\u00e3o de pesca. A propriedade tamb\u00e9m organiza caminhadas.<\/p>\n<p><span class=\"text_exposed_show\"><br \/>\n<\/span><\/p>\n","protected":false},"excerpt":{"rendered":"<p>Situada a cerca de cinco quil\u00f3metros da vila de Freixo de Espada \u00e0 Cinta, a Quinta da Ferradosa est\u00e1 envolvida em pleno cora\u00e7\u00e3o do Parque Natural do Douro Internacional.<\/p>\n","protected":false},"author":6,"featured_media":110070,"comment_status":"closed","ping_status":"closed","sticky":false,"template":"","format":"standard","meta":{"_acf_changed":false,"advanced_seo_description":"","jetpack_seo_html_title":"","jetpack_seo_noindex":false,"footnotes":""},"categories":[7932],"tags":[8128,7507],"concelhos":[9347],"class_list":["post-110059","post","type-post","status-publish","format-standard","has-post-thumbnail","hentry","category-casas-de-campo","tag-quinta-da-ferradosa","tag-territorios-do-coa","concelhos-freixo-de-espada-a-cinta"],"better_featured_image":{"id":110070,"alt_text":"Quinta da Ferradosa","caption":"Quinta da Ferradosa","description":"","media_type":"image","media_details":{"width":916,"height":357,"file":"2015\/03\/1661700_275217905962812_220516859_n.jpg","sizes":{"medium":{"file":"1661700_275217905962812_220516859_n-300x117.jpg","width":300,"height":117,"mime-type":"image\/jpeg","source_url":"https:\/\/beira.pt\/diretorio\/wp-content\/uploads\/sites\/14\/2015\/03\/1661700_275217905962812_220516859_n-300x117.jpg"},"thumbnail":{"file":"1661700_275217905962812_220516859_n-80x80.jpg","width":80,"height":80,"mime-type":"image\/jpeg","source_url":"https:\/\/beira.pt\/diretorio\/wp-content\/uploads\/sites\/14\/2015\/03\/1661700_275217905962812_220516859_n-80x80.jpg"},"medium_large":{"file":"1661700_275217905962812_220516859_n-768x299.jpg","width":768,"height":299,"mime-type":"image\/jpeg","source_url":"https:\/\/beira.pt\/diretorio\/wp-content\/uploads\/sites\/14\/2015\/03\/1661700_275217905962812_220516859_n-768x299.jpg"},"imgx360x185":{"file":"1661700_275217905962812_220516859_n-360x185.jpg","width":360,"height":185,"mime-type":"image\/jpeg","source_url":"https:\/\/beira.pt\/diretorio\/wp-content\/uploads\/sites\/14\/2015\/03\/1661700_275217905962812_220516859_n-360x185.jpg"},"imgx750x400":{"file":"1661700_275217905962812_220516859_n-750x400.jpg","width":750,"height":400,"mime-type":"image\/jpeg","source_url":"https:\/\/beira.pt\/diretorio\/wp-content\/uploads\/sites\/14\/2015\/03\/1661700_275217905962812_220516859_n-750x400.jpg"},"imgx1170x400":{"file":"1661700_275217905962812_220516859_n-1170x400.jpg","width":1170,"height":400,"mime-type":"image\/jpeg","source_url":"https:\/\/beira.pt\/diretorio\/wp-content\/uploads\/sites\/14\/2015\/03\/1661700_275217905962812_220516859_n-1170x400.jpg"},"argtdyu":{"file":"1661700_275217905962812_220516859_n-515x418.jpg","width":515,"height":418,"mime-type":"image\/jpeg","source_url":"https:\/\/beira.pt\/diretorio\/wp-content\/uploads\/sites\/14\/2015\/03\/1661700_275217905962812_220516859_n-515x418.jpg"},"rhtoskt":{"file":"1661700_275217905962812_220516859_n-515x237.jpg","width":515,"height":237,"mime-type":"image\/jpeg","source_url":"https:\/\/beira.pt\/diretorio\/wp-content\/uploads\/sites\/14\/2015\/03\/1661700_275217905962812_220516859_n-515x237.jpg"},"urlsouc":{"file":"1661700_275217905962812_220516859_n-253x171.jpg","width":253,"height":171,"mime-type":"image\/jpeg","source_url":"https:\/\/beira.pt\/diretorio\/wp-content\/uploads\/sites\/14\/2015\/03\/1661700_275217905962812_220516859_n-253x171.jpg"},"facbook":{"file":"1661700_275217905962812_220516859_n-476x249.jpg","width":476,"height":249,"mime-type":"image\/jpeg","source_url":"https:\/\/beira.pt\/diretorio\/wp-content\/uploads\/sites\/14\/2015\/03\/1661700_275217905962812_220516859_n-476x249.jpg"}},"image_meta":{"aperture":"0","credit":"","camera":"","caption":"","created_timestamp":"0","copyright":"","focal_length":"0","iso":"0","shutter_speed":"0","title":"","orientation":"0","keywords":[]}},"post":110059,"source_url":"https:\/\/beira.pt\/diretorio\/wp-content\/uploads\/sites\/14\/2015\/03\/1661700_275217905962812_220516859_n.jpg"},"acf":{"destacar_na_pagina_principal":"homeo","apresentacao_resumida":"","apresentacao_detalhada":"","envolvencia":"","morada":"Lugar Da Ferradosa, 5180-000 Freixo de Espada \u00e0 Cinta, Portugal","codigo_postal":"5180-000","localidade":"","telefone":"(+351) 279 653 293","telemovel":"(+351) 937 653 293","email":"ferradosa@quintadaferradosa.pt","website":"http:\/\/www.quintadaferradosa.pt\/","plataforma_de_reservas":"","coordenadas":{"address":"Unnamed Road, 5180, Portugal","lat":41.12762983653868,"lng":-6.834782212972641},"latitude":"","longitude":"","logotipo_da_empresa":null,"galeria_de_fotografias":[110060,110061,110062,110063,110064,110065,110066,110067,110068,110069,110070,110071],"facebook":"https:\/\/www.facebook.com\/quintadaferradosa?fref=ts","twitter":"","linkedin":"","pinterest":"","instagram":"","youtube":"","horarios":"","periodo_de_ferias":"","outras_informacoes":"Idiomas falados:\u00a0Portugu\u00eas,\u00a0Italiano,\u00a0Franc\u00eas,\u00a0Espanhol,\u00a0Ingl\u00eas.\r\n\r\nEstacionamento gratuito e privado.\r\n\r\nAnimais de estima\u00e7\u00e3o admitidos mediante pedido. Poder\u00e3o aplicar-se custos adicionais.\r\n\r\nM\u00e9todos de pagamento: numer\u00e1rio, transfer\u00eancia banc\u00e1ria.\r\n\r\nAcesso Wi-Fi dispon\u00edvel.","caracteristicas_do_espaco":"","capacidade":"","preco_medio_por_refeicao":"","tipos_de_cozinha":"","ementa":"","n_de_quartos":"3","preco_medio_por_noite":"","check_in":"A partir das 14:00 horas","check_out":"At\u00e9 \u00e1s 12:00 horas","reservar_no_booking":"http:\/\/www.booking.com\/hotel\/pt\/quinta-da-ferradosa.html?aid=1128444","produtos":null,"produto_lider":"nao","identificacao_do_produto_lider":null,"paises_de_exportacao":"","data_de_constituicao_da_empresa":null,"cae":"","setor_de_atividade":"","sub_setor_de_atividade":"","rnal":"","numero_de_contribuinte":"","numero_de_seguranca_social":"","forma_juridica":"Empres\u00e1rio em nome individual","numero_de_trabalhadores":"","responsavel":"","contacto_telefonico":"","capital_social":"","volume_de_vendas":"","mercados_onde_exerce_atividades":["nacional"],"tipo_de_clientes":""},"jetpack_featured_media_url":"https:\/\/beira.pt\/diretorio\/wp-content\/uploads\/sites\/14\/2015\/03\/1661700_275217905962812_220516859_n.jpg","_links":{"self":[{"href":"https:\/\/beira.pt\/diretorio\/wp-json\/wp\/v2\/posts\/110059","targetHints":{"allow":["GET"]}}],"collection":[{"href":"https:\/\/beira.pt\/diretorio\/wp-json\/wp\/v2\/posts"}],"about":[{"href":"https:\/\/beira.pt\/diretorio\/wp-json\/wp\/v2\/types\/post"}],"author":[{"embeddable":true,"href":"https:\/\/beira.pt\/diretorio\/wp-json\/wp\/v2\/users\/6"}],"replies":[{"embeddable":true,"href":"https:\/\/beira.pt\/diretorio\/wp-json\/wp\/v2\/comments?post=110059"}],"version-history":[{"count":1,"href":"https:\/\/beira.pt\/diretorio\/wp-json\/wp\/v2\/posts\/110059\/revisions"}],"predecessor-version":[{"id":122212,"href":"https:\/\/beira.pt\/diretorio\/wp-json\/wp\/v2\/posts\/110059\/revisions\/122212"}],"acf:attachment":[{"embeddable":true,"href":"https:\/\/beira.pt\/diretorio\/wp-json\/wp\/v2\/media\/110071"},{"embeddable":true,"href":"https:\/\/beira.pt\/diretorio\/wp-json\/wp\/v2\/media\/110070"},{"embeddable":true,"href":"https:\/\/beira.pt\/diretorio\/wp-json\/wp\/v2\/media\/110069"},{"embeddable":true,"href":"https:\/\/beira.pt\/diretorio\/wp-json\/wp\/v2\/media\/110068"},{"embeddable":true,"href":"https:\/\/beira.pt\/diretorio\/wp-json\/wp\/v2\/media\/110067"},{"embeddable":true,"href":"https:\/\/beira.pt\/diretorio\/wp-json\/wp\/v2\/media\/110066"},{"embeddable":true,"href":"https:\/\/beira.pt\/diretorio\/wp-json\/wp\/v2\/media\/110065"},{"embeddable":true,"href":"https:\/\/beira.pt\/diretorio\/wp-json\/wp\/v2\/media\/110064"},{"embeddable":true,"href":"https:\/\/beira.pt\/diretorio\/wp-json\/wp\/v2\/media\/110063"},{"embeddable":true,"href":"https:\/\/beira.pt\/diretorio\/wp-json\/wp\/v2\/media\/110062"},{"embeddable":true,"href":"https:\/\/beira.pt\/diretorio\/wp-json\/wp\/v2\/media\/110061"},{"embeddable":true,"href":"https:\/\/beira.pt\/diretorio\/wp-json\/wp\/v2\/media\/110060"}],"wp:featuredmedia":[{"embeddable":true,"href":"https:\/\/beira.pt\/diretorio\/wp-json\/wp\/v2\/media\/110070"}],"wp:attachment":[{"href":"https:\/\/beira.pt\/diretorio\/wp-json\/wp\/v2\/media?parent=110059"}],"wp:term":[{"taxonomy":"category","embeddable":true,"href":"https:\/\/beira.pt\/diretorio\/wp-json\/wp\/v2\/categories?post=110059"},{"taxonomy":"post_tag","embeddable":true,"href":"https:\/\/beira.pt\/diretorio\/wp-json\/wp\/v2\/tags?post=110059"},{"taxonomy":"concelhos","embeddable":true,"href":"https:\/\/beira.pt\/diretorio\/wp-json\/wp\/v2\/concelhos?post=110059"}],"curies":[{"name":"wp","href":"https:\/\/api.w.org\/{rel}","templated":true}]}}