{"id":110050,"date":"2015-03-09T13:01:15","date_gmt":"2015-03-09T13:01:15","guid":{"rendered":"http:\/\/beira.pt\/?p=110050"},"modified":"2016-08-03T10:29:48","modified_gmt":"2016-08-03T10:29:48","slug":"hotel-vale-do-coa","status":"publish","type":"post","link":"https:\/\/beira.pt\/diretorio\/hotel-vale-do-coa\/","title":{"rendered":"Hotel Vale do C\u00f4a"},"content":{"rendered":"<p style=\"text-align: justify\">O Hotel Vale do C\u00f4a est\u00e1 situado na Avenida Cidade Nova, em lugar muito acess\u00edvel e com facilidade de estacionamento.\u00a0O Hotel do Vale do C\u00f4a \u00e9 uma unidade hoteleira com cr\u00e9ditos firmados e tem o maior gosto em receber quem a a procura.\u00a0Quem utiliza uma vez os servi\u00e7os do Hotel Vale do C\u00f4a n\u00e3o deixa de nos escolher quando volta, pois os clientes s\u00e3o a nossa mais v\u00e1lida recomenda\u00e7\u00e3o. O nosso melhor cart\u00e3o de visita \u00e9 a satisfa\u00e7\u00e3o que o nosso cliente leva quando parte, porque entra como um cliente e sai como um amigo.\u00a0Pomos todo o cuidado nas instala\u00e7\u00f5es, onde pontifica a limpeza, o arranjo e o bom gosto. E para a sua comodidade pomos ao seu dispor banho privativo, ar condicionado, telefone e TV-sat\u00e9lite. Al\u00e9m do que \u00e9 habitual, tamb\u00e9m desejamos que o cliente possa apreciar, ao pequeno almo\u00e7o, os mais tentadores produtos da regi\u00e3o.<\/p>\n","protected":false},"excerpt":{"rendered":"<p>O Hotel do Vale do C\u00f4a \u00e9 uma unidade hoteleira com cr\u00e9ditos firmados e tem o maior gosto em receber quem a a procura.<\/p>\n","protected":false},"author":6,"featured_media":110052,"comment_status":"closed","ping_status":"closed","sticky":false,"template":"","format":"standard","meta":{"_acf_changed":false,"advanced_seo_description":"","jetpack_seo_html_title":"","jetpack_seo_noindex":false,"footnotes":""},"categories":[83],"tags":[8123,7507,9566],"concelhos":[30],"class_list":["post-110050","post","type-post","status-publish","format-standard","has-post-thumbnail","hentry","category-hotel","tag-hotel-vale-do-coa","tag-territorios-do-coa","tag-vila-nova-de-foz-coa","concelhos-vila-nova-de-foz-coa"],"better_featured_image":{"id":110052,"alt_text":"Hotel Vale do C\u00f4a","caption":"","description":"","media_type":"image","media_details":{"width":960,"height":720,"file":"2015\/03\/305157_237921092924752_1271996695_n.jpg","sizes":{"medium":{"file":"305157_237921092924752_1271996695_n-300x225.jpg","width":300,"height":225,"mime-type":"image\/jpeg","source_url":"https:\/\/beira.pt\/diretorio\/wp-content\/uploads\/sites\/14\/2015\/03\/305157_237921092924752_1271996695_n-300x225.jpg"},"thumbnail":{"file":"305157_237921092924752_1271996695_n-80x80.jpg","width":80,"height":80,"mime-type":"image\/jpeg","source_url":"https:\/\/beira.pt\/diretorio\/wp-content\/uploads\/sites\/14\/2015\/03\/305157_237921092924752_1271996695_n-80x80.jpg"},"medium_large":{"file":"305157_237921092924752_1271996695_n-768x576.jpg","width":768,"height":576,"mime-type":"image\/jpeg","source_url":"https:\/\/beira.pt\/diretorio\/wp-content\/uploads\/sites\/14\/2015\/03\/305157_237921092924752_1271996695_n-768x576.jpg"},"imgx360x185":{"file":"305157_237921092924752_1271996695_n-360x185.jpg","width":360,"height":185,"mime-type":"image\/jpeg","source_url":"https:\/\/beira.pt\/diretorio\/wp-content\/uploads\/sites\/14\/2015\/03\/305157_237921092924752_1271996695_n-360x185.jpg"},"imgx750x400":{"file":"305157_237921092924752_1271996695_n-750x400.jpg","width":750,"height":400,"mime-type":"image\/jpeg","source_url":"https:\/\/beira.pt\/diretorio\/wp-content\/uploads\/sites\/14\/2015\/03\/305157_237921092924752_1271996695_n-750x400.jpg"},"imgx1170x400":{"file":"305157_237921092924752_1271996695_n-1170x400.jpg","width":1170,"height":400,"mime-type":"image\/jpeg","source_url":"https:\/\/beira.pt\/diretorio\/wp-content\/uploads\/sites\/14\/2015\/03\/305157_237921092924752_1271996695_n-1170x400.jpg"},"argtdyu":{"file":"305157_237921092924752_1271996695_n-515x418.jpg","width":515,"height":418,"mime-type":"image\/jpeg","source_url":"https:\/\/beira.pt\/diretorio\/wp-content\/uploads\/sites\/14\/2015\/03\/305157_237921092924752_1271996695_n-515x418.jpg"},"rhtoskt":{"file":"305157_237921092924752_1271996695_n-515x237.jpg","width":515,"height":237,"mime-type":"image\/jpeg","source_url":"https:\/\/beira.pt\/diretorio\/wp-content\/uploads\/sites\/14\/2015\/03\/305157_237921092924752_1271996695_n-515x237.jpg"},"urlsouc":{"file":"305157_237921092924752_1271996695_n-253x171.jpg","width":253,"height":171,"mime-type":"image\/jpeg","source_url":"https:\/\/beira.pt\/diretorio\/wp-content\/uploads\/sites\/14\/2015\/03\/305157_237921092924752_1271996695_n-253x171.jpg"},"facbook":{"file":"305157_237921092924752_1271996695_n-476x249.jpg","width":476,"height":249,"mime-type":"image\/jpeg","source_url":"https:\/\/beira.pt\/diretorio\/wp-content\/uploads\/sites\/14\/2015\/03\/305157_237921092924752_1271996695_n-476x249.jpg"}},"image_meta":{"aperture":"0","credit":"","camera":"","caption":"","created_timestamp":"0","copyright":"","focal_length":"0","iso":"0","shutter_speed":"0","title":"","orientation":"0","keywords":[]}},"post":110050,"source_url":"https:\/\/beira.pt\/diretorio\/wp-content\/uploads\/sites\/14\/2015\/03\/305157_237921092924752_1271996695_n.jpg"},"acf":{"destacar_na_pagina_principal":"homeo","apresentacao_resumida":"","apresentacao_detalhada":"","envolvencia":"","morada":"Avenida Cidade Nova  5150 - Vila Nova de Foz C\u00f4a - Portugal ","codigo_postal":"5150-566","localidade":"","telefone":"(+351) 279 760 010","telemovel":"(+351) 933 722 174 \/ (+351) 936 271 783","email":"informacoes@hotelvaledocoa.net ","website":"http:\/\/www.hotelvaledocoa.net\/","plataforma_de_reservas":"","coordenadas":{"address":"Av. Cidade Nova 1, 5150-566 Vila Nova de Foz C\u00f4a, Portugal","lat":41.080778250516424,"lng":-7.143871590737945},"latitude":"","longitude":"","logotipo_da_empresa":null,"galeria_de_fotografias":[110051,110052,110053],"facebook":"https:\/\/www.facebook.com\/pages\/Hotel-Vale-Do-C%C3%B4a\/236998583017003?fref=ts","twitter":"","linkedin":"","pinterest":"","instagram":"","youtube":"","horarios":"","periodo_de_ferias":"","outras_informacoes":"","caracteristicas_do_espaco":"","capacidade":"","preco_medio_por_refeicao":"","tipos_de_cozinha":"","ementa":"","n_de_quartos":"32","preco_medio_por_noite":"","check_in":"","check_out":"","reservar_no_booking":"","produtos":null,"produto_lider":"nao","identificacao_do_produto_lider":null,"paises_de_exportacao":"","data_de_constituicao_da_empresa":null,"cae":"","setor_de_atividade":"","sub_setor_de_atividade":"","rnal":"","numero_de_contribuinte":"","numero_de_seguranca_social":"","forma_juridica":"Empres\u00e1rio em nome individual","numero_de_trabalhadores":"","responsavel":"","contacto_telefonico":"","capital_social":"","volume_de_vendas":"","mercados_onde_exerce_atividades":["nacional"],"tipo_de_clientes":""},"jetpack_featured_media_url":"https:\/\/beira.pt\/diretorio\/wp-content\/uploads\/sites\/14\/2015\/03\/305157_237921092924752_1271996695_n.jpg","_links":{"self":[{"href":"https:\/\/beira.pt\/diretorio\/wp-json\/wp\/v2\/posts\/110050","targetHints":{"allow":["GET"]}}],"collection":[{"href":"https:\/\/beira.pt\/diretorio\/wp-json\/wp\/v2\/posts"}],"about":[{"href":"https:\/\/beira.pt\/diretorio\/wp-json\/wp\/v2\/types\/post"}],"author":[{"embeddable":true,"href":"https:\/\/beira.pt\/diretorio\/wp-json\/wp\/v2\/users\/6"}],"replies":[{"embeddable":true,"href":"https:\/\/beira.pt\/diretorio\/wp-json\/wp\/v2\/comments?post=110050"}],"version-history":[{"count":2,"href":"https:\/\/beira.pt\/diretorio\/wp-json\/wp\/v2\/posts\/110050\/revisions"}],"predecessor-version":[{"id":122756,"href":"https:\/\/beira.pt\/diretorio\/wp-json\/wp\/v2\/posts\/110050\/revisions\/122756"}],"acf:attachment":[{"embeddable":true,"href":"https:\/\/beira.pt\/diretorio\/wp-json\/wp\/v2\/media\/110053"},{"embeddable":true,"href":"https:\/\/beira.pt\/diretorio\/wp-json\/wp\/v2\/media\/110052"},{"embeddable":true,"href":"https:\/\/beira.pt\/diretorio\/wp-json\/wp\/v2\/media\/110051"}],"wp:featuredmedia":[{"embeddable":true,"href":"https:\/\/beira.pt\/diretorio\/wp-json\/wp\/v2\/media\/110052"}],"wp:attachment":[{"href":"https:\/\/beira.pt\/diretorio\/wp-json\/wp\/v2\/media?parent=110050"}],"wp:term":[{"taxonomy":"category","embeddable":true,"href":"https:\/\/beira.pt\/diretorio\/wp-json\/wp\/v2\/categories?post=110050"},{"taxonomy":"post_tag","embeddable":true,"href":"https:\/\/beira.pt\/diretorio\/wp-json\/wp\/v2\/tags?post=110050"},{"taxonomy":"concelhos","embeddable":true,"href":"https:\/\/beira.pt\/diretorio\/wp-json\/wp\/v2\/concelhos?post=110050"}],"curies":[{"name":"wp","href":"https:\/\/api.w.org\/{rel}","templated":true}]}}