{"id":107219,"date":"2014-12-29T16:20:42","date_gmt":"2014-12-29T16:20:42","guid":{"rendered":"http:\/\/beira.pt\/?p=107219"},"modified":"2023-06-17T07:59:18","modified_gmt":"2023-06-17T07:59:18","slug":"restaurante-tilias","status":"publish","type":"post","link":"https:\/\/beira.pt\/diretorio\/restaurante-tilias\/","title":{"rendered":"Restaurante As T\u00edlias"},"content":{"rendered":"<p style=\"text-align: justify\">O Restaurante As T\u00edlias come\u00e7ou a tomar forma em 1992, o projecto que dotaria o Fund\u00e3o de um, at\u00e9 ent\u00e3o in\u00e9dito, servi\u00e7o de take away. Com intuito de servir boas refei\u00e7\u00f5es \u00e0queles que devido a stress, cansa\u00e7o ou falta de tempo n\u00e3o as obtinham abrimos ao p\u00fablico em 3 de Junho de 1993 num pequeno espa\u00e7o junto ao rom\u00e2ntico Jardim das T\u00edlias.\u00a0Procurando reinventarmo-nos continuamente, numa prova de din\u00e2mica e vitalidade, no Restaurante &#8220;As T\u00edlias&#8221; fomos apostando na gastronomia regional e na diversifica\u00e7\u00e3o da nossa ementa de grelhados. A ades\u00e3o da popula\u00e7\u00e3o foi desde cedo um claro ind\u00edcio de reconhecimento da diversidade e qualidade por n\u00f3s oferecida.\u00a0Em 2012 o restaurante As T\u00edlias mant\u00e9m a sua \u00edndole familiar e esp\u00edrito acolhedor beir\u00e3o, contudo torna a reinventar-se. Remodelado e com servi\u00e7o melhorado, temos agora uma oferta mais sofisticada para responder at\u00e9 aos clientes mais exigentes. Apostando cada vez mais nos produtos sazonais.<\/p>\n","protected":false},"excerpt":{"rendered":"<p>Com mais de 18 anos de vida, o Restaurante &#8220;As T\u00edlias&#8221; apresenta uma ementa sazonal que reinventa as receitas tradicionais, apostando sempre em produtos regionais de elevada qualidade.<\/p>\n","protected":false},"author":6,"featured_media":107230,"comment_status":"closed","ping_status":"closed","sticky":false,"template":"","format":"standard","meta":{"_acf_changed":false,"advanced_seo_description":"","jetpack_seo_html_title":"","jetpack_seo_noindex":false,"footnotes":""},"categories":[42,658],"tags":[],"concelhos":[35],"class_list":["post-107219","post","type-post","status-publish","format-standard","has-post-thumbnail","hentry","category-restauracao","category-restaurantes","concelhos-fundao"],"better_featured_image":{"id":107230,"alt_text":"Restaurante As T\u00edlias","caption":"","description":"","media_type":"image","media_details":{"width":960,"height":720,"file":"2014\/12\/10703923_830517963654419_556816239004906435_n.jpg","sizes":{"medium":{"file":"10703923_830517963654419_556816239004906435_n-300x225.jpg","width":300,"height":225,"mime-type":"image\/jpeg","source_url":"https:\/\/beira.pt\/diretorio\/wp-content\/uploads\/sites\/14\/2014\/12\/10703923_830517963654419_556816239004906435_n-300x225.jpg"},"thumbnail":{"file":"10703923_830517963654419_556816239004906435_n-80x80.jpg","width":80,"height":80,"mime-type":"image\/jpeg","source_url":"https:\/\/beira.pt\/diretorio\/wp-content\/uploads\/sites\/14\/2014\/12\/10703923_830517963654419_556816239004906435_n-80x80.jpg"},"medium_large":{"file":"10703923_830517963654419_556816239004906435_n-768x576.jpg","width":768,"height":576,"mime-type":"image\/jpeg","source_url":"https:\/\/beira.pt\/diretorio\/wp-content\/uploads\/sites\/14\/2014\/12\/10703923_830517963654419_556816239004906435_n-768x576.jpg"},"imgx360x185":{"file":"10703923_830517963654419_556816239004906435_n-360x185.jpg","width":360,"height":185,"mime-type":"image\/jpeg","source_url":"https:\/\/beira.pt\/diretorio\/wp-content\/uploads\/sites\/14\/2014\/12\/10703923_830517963654419_556816239004906435_n-360x185.jpg"},"imgx750x400":{"file":"10703923_830517963654419_556816239004906435_n-750x400.jpg","width":750,"height":400,"mime-type":"image\/jpeg","source_url":"https:\/\/beira.pt\/diretorio\/wp-content\/uploads\/sites\/14\/2014\/12\/10703923_830517963654419_556816239004906435_n-750x400.jpg"},"imgx1170x400":{"file":"10703923_830517963654419_556816239004906435_n-1170x400.jpg","width":1170,"height":400,"mime-type":"image\/jpeg","source_url":"https:\/\/beira.pt\/diretorio\/wp-content\/uploads\/sites\/14\/2014\/12\/10703923_830517963654419_556816239004906435_n-1170x400.jpg"},"argtdyu":{"file":"10703923_830517963654419_556816239004906435_n-515x418.jpg","width":515,"height":418,"mime-type":"image\/jpeg","source_url":"https:\/\/beira.pt\/diretorio\/wp-content\/uploads\/sites\/14\/2014\/12\/10703923_830517963654419_556816239004906435_n-515x418.jpg"},"rhtoskt":{"file":"10703923_830517963654419_556816239004906435_n-515x237.jpg","width":515,"height":237,"mime-type":"image\/jpeg","source_url":"https:\/\/beira.pt\/diretorio\/wp-content\/uploads\/sites\/14\/2014\/12\/10703923_830517963654419_556816239004906435_n-515x237.jpg"},"urlsouc":{"file":"10703923_830517963654419_556816239004906435_n-253x171.jpg","width":253,"height":171,"mime-type":"image\/jpeg","source_url":"https:\/\/beira.pt\/diretorio\/wp-content\/uploads\/sites\/14\/2014\/12\/10703923_830517963654419_556816239004906435_n-253x171.jpg"},"facbook":{"file":"10703923_830517963654419_556816239004906435_n-476x249.jpg","width":476,"height":249,"mime-type":"image\/jpeg","source_url":"https:\/\/beira.pt\/diretorio\/wp-content\/uploads\/sites\/14\/2014\/12\/10703923_830517963654419_556816239004906435_n-476x249.jpg"}},"image_meta":{"aperture":"0","credit":"","camera":"","caption":"","created_timestamp":"0","copyright":"","focal_length":"0","iso":"0","shutter_speed":"0","title":"","orientation":"0","keywords":[]}},"post":107219,"source_url":"https:\/\/beira.pt\/diretorio\/wp-content\/uploads\/sites\/14\/2014\/12\/10703923_830517963654419_556816239004906435_n.jpg"},"acf":{"destacar_na_pagina_principal":"homeo","apresentacao_resumida":"","apresentacao_detalhada":"","envolvencia":"","morada":"Rua dos Restauradores - R\/C Loja B 6230-215 Fund\u00e3o","codigo_postal":"6230-215","localidade":"","telefone":"(+351) 275 772 269","telemovel":"(+351) 963 082 651","email":"restaurante.astilias@gmail.com","website":"http:\/\/www.astilias.com\/","plataforma_de_reservas":"","coordenadas":{"address":"Av. Adolfo Portela 2, 6230 Fund\u00e3o, Portugal","lat":40.13502399357326,"lng":-7.498835157147255},"latitude":"","longitude":"","logotipo_da_empresa":null,"galeria_de_fotografias":[107220,107221,107222,107223,107224,107225,107226,107227,107228,107229],"facebook":"http:\/\/www.facebook.com\/AsTilias","twitter":"","linkedin":"","pinterest":"","instagram":"","youtube":"","horarios":"Segunda a Ter\u00e7a:\u00a09:30 \u00e1s\u00a022:00 horas\r\n\r\nQuinta a Domingo:\u00a09:30 \u00e1s 22:00 horas","periodo_de_ferias":"","outras_informacoes":"","caracteristicas_do_espaco":"","capacidade":"","preco_medio_por_refeicao":"","tipos_de_cozinha":"Regional","ementa":"","n_de_quartos":"","preco_medio_por_noite":"","check_in":"","check_out":"","reservar_no_booking":"","produtos":null,"produto_lider":"nao","identificacao_do_produto_lider":null,"paises_de_exportacao":"","data_de_constituicao_da_empresa":null,"cae":"","setor_de_atividade":"","sub_setor_de_atividade":"","rnal":"","numero_de_contribuinte":"","numero_de_seguranca_social":"","forma_juridica":"Empres\u00e1rio em nome individual","numero_de_trabalhadores":"","responsavel":"","contacto_telefonico":"","capital_social":"","volume_de_vendas":"","mercados_onde_exerce_atividades":["nacional"],"tipo_de_clientes":""},"jetpack_featured_media_url":"https:\/\/beira.pt\/diretorio\/wp-content\/uploads\/sites\/14\/2014\/12\/10703923_830517963654419_556816239004906435_n.jpg","_links":{"self":[{"href":"https:\/\/beira.pt\/diretorio\/wp-json\/wp\/v2\/posts\/107219","targetHints":{"allow":["GET"]}}],"collection":[{"href":"https:\/\/beira.pt\/diretorio\/wp-json\/wp\/v2\/posts"}],"about":[{"href":"https:\/\/beira.pt\/diretorio\/wp-json\/wp\/v2\/types\/post"}],"author":[{"embeddable":true,"href":"https:\/\/beira.pt\/diretorio\/wp-json\/wp\/v2\/users\/6"}],"replies":[{"embeddable":true,"href":"https:\/\/beira.pt\/diretorio\/wp-json\/wp\/v2\/comments?post=107219"}],"version-history":[{"count":2,"href":"https:\/\/beira.pt\/diretorio\/wp-json\/wp\/v2\/posts\/107219\/revisions"}],"predecessor-version":[{"id":130241,"href":"https:\/\/beira.pt\/diretorio\/wp-json\/wp\/v2\/posts\/107219\/revisions\/130241"}],"acf:attachment":[{"embeddable":true,"href":"https:\/\/beira.pt\/diretorio\/wp-json\/wp\/v2\/media\/107229"},{"embeddable":true,"href":"https:\/\/beira.pt\/diretorio\/wp-json\/wp\/v2\/media\/107228"},{"embeddable":true,"href":"https:\/\/beira.pt\/diretorio\/wp-json\/wp\/v2\/media\/107227"},{"embeddable":true,"href":"https:\/\/beira.pt\/diretorio\/wp-json\/wp\/v2\/media\/107226"},{"embeddable":true,"href":"https:\/\/beira.pt\/diretorio\/wp-json\/wp\/v2\/media\/107225"},{"embeddable":true,"href":"https:\/\/beira.pt\/diretorio\/wp-json\/wp\/v2\/media\/107224"},{"embeddable":true,"href":"https:\/\/beira.pt\/diretorio\/wp-json\/wp\/v2\/media\/107223"},{"embeddable":true,"href":"https:\/\/beira.pt\/diretorio\/wp-json\/wp\/v2\/media\/107222"},{"embeddable":true,"href":"https:\/\/beira.pt\/diretorio\/wp-json\/wp\/v2\/media\/107221"},{"embeddable":true,"href":"https:\/\/beira.pt\/diretorio\/wp-json\/wp\/v2\/media\/107220"}],"wp:featuredmedia":[{"embeddable":true,"href":"https:\/\/beira.pt\/diretorio\/wp-json\/wp\/v2\/media\/107230"}],"wp:attachment":[{"href":"https:\/\/beira.pt\/diretorio\/wp-json\/wp\/v2\/media?parent=107219"}],"wp:term":[{"taxonomy":"category","embeddable":true,"href":"https:\/\/beira.pt\/diretorio\/wp-json\/wp\/v2\/categories?post=107219"},{"taxonomy":"post_tag","embeddable":true,"href":"https:\/\/beira.pt\/diretorio\/wp-json\/wp\/v2\/tags?post=107219"},{"taxonomy":"concelhos","embeddable":true,"href":"https:\/\/beira.pt\/diretorio\/wp-json\/wp\/v2\/concelhos?post=107219"}],"curies":[{"name":"wp","href":"https:\/\/api.w.org\/{rel}","templated":true}]}}