{"id":103476,"date":"2014-09-17T16:36:42","date_gmt":"2014-09-17T15:36:42","guid":{"rendered":"http:\/\/beira.pt\/?p=103476"},"modified":"2014-09-17T16:36:42","modified_gmt":"2014-09-17T15:36:42","slug":"biblioteca-municipal-maria-natercia-ruivo-almeida","status":"publish","type":"post","link":"https:\/\/beira.pt\/diretorio\/biblioteca-municipal-maria-natercia-ruivo-almeida\/","title":{"rendered":"Biblioteca Municipal Maria Nat\u00e9rcia Ruivo - Almeida"},"content":{"rendered":"","protected":false},"excerpt":{"rendered":"<p>Possui uma sala polivalente, uma \u00e1rea de exposi\u00e7\u00f5es e possui postos de acesso \u00e0 internet.<\/p>\n","protected":false},"author":6,"featured_media":103478,"comment_status":"closed","ping_status":"closed","sticky":false,"template":"","format":"standard","meta":{"_acf_changed":false,"advanced_seo_description":"","jetpack_seo_html_title":"","jetpack_seo_noindex":false,"footnotes":""},"categories":[5217,110],"tags":[],"concelhos":[18,17],"class_list":["post-103476","post","type-post","status-publish","format-standard","has-post-thumbnail","hentry","category-bibliotecas","category-educacao-e-formacao","concelhos-almeida","concelhos-distrito-da-guarda"],"better_featured_image":{"id":103478,"alt_text":"","caption":"","description":"","media_type":"image","media_details":{"width":300,"height":225,"file":"2014\/09\/biblioteca-natercia-ruivo-almeida.jpg","sizes":{"thumbnail":{"file":"biblioteca-natercia-ruivo-almeida-80x80.jpg","width":80,"height":80,"mime-type":"image\/jpeg","source_url":"https:\/\/beira.pt\/diretorio\/wp-content\/uploads\/sites\/14\/2014\/09\/biblioteca-natercia-ruivo-almeida-80x80.jpg"},"imgx360x185":{"file":"biblioteca-natercia-ruivo-almeida-360x185.jpg","width":360,"height":185,"mime-type":"image\/jpeg","source_url":"https:\/\/beira.pt\/diretorio\/wp-content\/uploads\/sites\/14\/2014\/09\/biblioteca-natercia-ruivo-almeida-360x185.jpg"},"imgx750x400":{"file":"biblioteca-natercia-ruivo-almeida-750x400.jpg","width":750,"height":400,"mime-type":"image\/jpeg","source_url":"https:\/\/beira.pt\/diretorio\/wp-content\/uploads\/sites\/14\/2014\/09\/biblioteca-natercia-ruivo-almeida-750x400.jpg"},"imgx1170x400":{"file":"biblioteca-natercia-ruivo-almeida-1170x400.jpg","width":1170,"height":400,"mime-type":"image\/jpeg","source_url":"https:\/\/beira.pt\/diretorio\/wp-content\/uploads\/sites\/14\/2014\/09\/biblioteca-natercia-ruivo-almeida-1170x400.jpg"},"argtdyu":{"file":"biblioteca-natercia-ruivo-almeida-515x418.jpg","width":515,"height":418,"mime-type":"image\/jpeg","source_url":"https:\/\/beira.pt\/diretorio\/wp-content\/uploads\/sites\/14\/2014\/09\/biblioteca-natercia-ruivo-almeida-515x418.jpg"},"rhtoskt":{"file":"biblioteca-natercia-ruivo-almeida-515x237.jpg","width":515,"height":237,"mime-type":"image\/jpeg","source_url":"https:\/\/beira.pt\/diretorio\/wp-content\/uploads\/sites\/14\/2014\/09\/biblioteca-natercia-ruivo-almeida-515x237.jpg"},"urlsouc":{"file":"biblioteca-natercia-ruivo-almeida-253x171.jpg","width":253,"height":171,"mime-type":"image\/jpeg","source_url":"https:\/\/beira.pt\/diretorio\/wp-content\/uploads\/sites\/14\/2014\/09\/biblioteca-natercia-ruivo-almeida-253x171.jpg"},"facbook":{"file":"biblioteca-natercia-ruivo-almeida-476x249.jpg","width":476,"height":249,"mime-type":"image\/jpeg","source_url":"https:\/\/beira.pt\/diretorio\/wp-content\/uploads\/sites\/14\/2014\/09\/biblioteca-natercia-ruivo-almeida-476x249.jpg"}},"image_meta":{"aperture":"0","credit":"","camera":"","caption":"","created_timestamp":"0","copyright":"","focal_length":"0","iso":"0","shutter_speed":"0","title":"","orientation":"0","keywords":[]}},"post":103476,"source_url":"https:\/\/beira.pt\/diretorio\/wp-content\/uploads\/sites\/14\/2014\/09\/biblioteca-natercia-ruivo-almeida.jpg"},"acf":{"destacar_na_pagina_principal":"homeo","apresentacao_resumida":"","apresentacao_detalhada":"","envolvencia":"","morada":"","codigo_postal":"","localidade":"","telefone":"","telemovel":"","email":"geral.biblioteca@cm-almeida.pt","website":"","plataforma_de_reservas":"","coordenadas":{"address":"Rua Conselheiro Hitze Ribeiro 10, 6350-114 Almeida, Portugal","lat":40.72464050077964,"lng":-6.907214254244991},"latitude":"","longitude":"","logotipo_da_empresa":null,"galeria_de_fotografias":null,"facebook":"","twitter":"","linkedin":"","pinterest":"","instagram":"","youtube":"","horarios":"","periodo_de_ferias":"","outras_informacoes":"Segunda a sexta-feira das 10h30 - 12h30 e da 13h30 - 18h30\r\nSabado das 13h30 - 18h30","caracteristicas_do_espaco":"","capacidade":"","preco_medio_por_refeicao":"","tipos_de_cozinha":"","ementa":"","n_de_quartos":"","preco_medio_por_noite":"","check_in":"","check_out":"","reservar_no_booking":"","produtos":null,"produto_lider":"nao","identificacao_do_produto_lider":null,"paises_de_exportacao":"","data_de_constituicao_da_empresa":null,"cae":"","setor_de_atividade":"","sub_setor_de_atividade":"","rnal":"","numero_de_contribuinte":"","numero_de_seguranca_social":"","forma_juridica":false,"numero_de_trabalhadores":"","responsavel":"","contacto_telefonico":"","capital_social":"","volume_de_vendas":"","mercados_onde_exerce_atividades":[],"tipo_de_clientes":[]},"jetpack_featured_media_url":"https:\/\/beira.pt\/diretorio\/wp-content\/uploads\/sites\/14\/2014\/09\/biblioteca-natercia-ruivo-almeida.jpg","_links":{"self":[{"href":"https:\/\/beira.pt\/diretorio\/wp-json\/wp\/v2\/posts\/103476","targetHints":{"allow":["GET"]}}],"collection":[{"href":"https:\/\/beira.pt\/diretorio\/wp-json\/wp\/v2\/posts"}],"about":[{"href":"https:\/\/beira.pt\/diretorio\/wp-json\/wp\/v2\/types\/post"}],"author":[{"embeddable":true,"href":"https:\/\/beira.pt\/diretorio\/wp-json\/wp\/v2\/users\/6"}],"replies":[{"embeddable":true,"href":"https:\/\/beira.pt\/diretorio\/wp-json\/wp\/v2\/comments?post=103476"}],"version-history":[{"count":0,"href":"https:\/\/beira.pt\/diretorio\/wp-json\/wp\/v2\/posts\/103476\/revisions"}],"wp:featuredmedia":[{"embeddable":true,"href":"https:\/\/beira.pt\/diretorio\/wp-json\/wp\/v2\/media\/103478"}],"wp:attachment":[{"href":"https:\/\/beira.pt\/diretorio\/wp-json\/wp\/v2\/media?parent=103476"}],"wp:term":[{"taxonomy":"category","embeddable":true,"href":"https:\/\/beira.pt\/diretorio\/wp-json\/wp\/v2\/categories?post=103476"},{"taxonomy":"post_tag","embeddable":true,"href":"https:\/\/beira.pt\/diretorio\/wp-json\/wp\/v2\/tags?post=103476"},{"taxonomy":"concelhos","embeddable":true,"href":"https:\/\/beira.pt\/diretorio\/wp-json\/wp\/v2\/concelhos?post=103476"}],"curies":[{"name":"wp","href":"https:\/\/api.w.org\/{rel}","templated":true}]}}