{"id":101578,"date":"2014-07-14T15:59:12","date_gmt":"2014-07-14T14:59:12","guid":{"rendered":"http:\/\/beira.pt\/?p=101578"},"modified":"2014-07-14T16:26:41","modified_gmt":"2014-07-14T15:26:41","slug":"centro-equestre-cercig-guarda","status":"publish","type":"post","link":"https:\/\/beira.pt\/diretorio\/centro-equestre-cercig-guarda\/","title":{"rendered":"Centro Equestre CERCIG \u2013 Guarda"},"content":{"rendered":"<p>Para clientes externos define-se consoante disponibilidade dos mesmos e dos colaboradores respons\u00e1veis.<br \/>\nO objetivo geral do Centro Equestre \u00e9 desenvolver sess\u00f5es de equita\u00e7\u00e3o com fins terap\u00eauticos e equita\u00e7\u00e3o. Nesta abordagem terap\u00eautica existem tr\u00eas val\u00eancias: a hipoterapia, a equita\u00e7\u00e3o terap\u00eautica e a equita\u00e7\u00e3o desportiva adaptada, tendo em conta os objetivos terap\u00eauticos que cada cavaleiro influencia no cavalo.<br \/>\nA equipa t\u00e9cnica respons\u00e1vel pelo Centro Equestre \u00e9 composta por fisioterapeutas, t\u00e9cnicos de educa\u00e7\u00e3o especial e de reabilita\u00e7\u00e3o e t\u00e9cnico(a) Equita\u00e7\u00e3o.<\/p>\n","protected":false},"excerpt":{"rendered":"<p>O Centro Equestre para clientes internos da CERCIG, situado na Quinta da Torre \u2013 Parque Industrial, funciona de segunda a sexta-feira das 9 horas \u00e0s 13 horas.<\/p>\n","protected":false},"author":6,"featured_media":101580,"comment_status":"closed","ping_status":"closed","sticky":false,"template":"","format":"standard","meta":{"_acf_changed":false,"advanced_seo_description":"","jetpack_seo_html_title":"","jetpack_seo_noindex":false,"footnotes":""},"categories":[4462,4460,62],"tags":[],"concelhos":[17,23],"class_list":["post-101578","post","type-post","status-publish","format-standard","has-post-thumbnail","hentry","category-centros-hipicos","category-hipismo-e-tauromaquia","category-lazer-e-desporto","concelhos-distrito-da-guarda","concelhos-guarda"],"better_featured_image":{"id":101580,"alt_text":"","caption":"","description":"","media_type":"image","media_details":{"width":336,"height":336,"file":"2014\/07\/hipoterapia.jpg","sizes":{"medium":{"file":"hipoterapia-300x300.jpg","width":300,"height":300,"mime-type":"image\/jpeg","source_url":"https:\/\/beira.pt\/diretorio\/wp-content\/uploads\/sites\/14\/2014\/07\/hipoterapia-300x300.jpg"},"thumbnail":{"file":"hipoterapia-80x80.jpg","width":80,"height":80,"mime-type":"image\/jpeg","source_url":"https:\/\/beira.pt\/diretorio\/wp-content\/uploads\/sites\/14\/2014\/07\/hipoterapia-80x80.jpg"},"imgx360x185":{"file":"hipoterapia-360x185.jpg","width":360,"height":185,"mime-type":"image\/jpeg","source_url":"https:\/\/beira.pt\/diretorio\/wp-content\/uploads\/sites\/14\/2014\/07\/hipoterapia-360x185.jpg"},"imgx750x400":{"file":"hipoterapia-750x400.jpg","width":750,"height":400,"mime-type":"image\/jpeg","source_url":"https:\/\/beira.pt\/diretorio\/wp-content\/uploads\/sites\/14\/2014\/07\/hipoterapia-750x400.jpg"},"imgx1170x400":{"file":"hipoterapia-1170x400.jpg","width":1170,"height":400,"mime-type":"image\/jpeg","source_url":"https:\/\/beira.pt\/diretorio\/wp-content\/uploads\/sites\/14\/2014\/07\/hipoterapia-1170x400.jpg"},"argtdyu":{"file":"hipoterapia-515x418.jpg","width":515,"height":418,"mime-type":"image\/jpeg","source_url":"https:\/\/beira.pt\/diretorio\/wp-content\/uploads\/sites\/14\/2014\/07\/hipoterapia-515x418.jpg"},"rhtoskt":{"file":"hipoterapia-515x237.jpg","width":515,"height":237,"mime-type":"image\/jpeg","source_url":"https:\/\/beira.pt\/diretorio\/wp-content\/uploads\/sites\/14\/2014\/07\/hipoterapia-515x237.jpg"},"urlsouc":{"file":"hipoterapia-253x171.jpg","width":253,"height":171,"mime-type":"image\/jpeg","source_url":"https:\/\/beira.pt\/diretorio\/wp-content\/uploads\/sites\/14\/2014\/07\/hipoterapia-253x171.jpg"},"facbook":{"file":"hipoterapia-476x249.jpg","width":476,"height":249,"mime-type":"image\/jpeg","source_url":"https:\/\/beira.pt\/diretorio\/wp-content\/uploads\/sites\/14\/2014\/07\/hipoterapia-476x249.jpg"}},"image_meta":{"aperture":"0","credit":"","camera":"","caption":"","created_timestamp":"0","copyright":"","focal_length":"0","iso":"0","shutter_speed":"0","title":"","orientation":"0","keywords":[]}},"post":101578,"source_url":"https:\/\/beira.pt\/diretorio\/wp-content\/uploads\/sites\/14\/2014\/07\/hipoterapia.jpg"},"acf":{"destacar_na_pagina_principal":"homeo","apresentacao_resumida":"","apresentacao_detalhada":"","envolvencia":"","morada":"","codigo_postal":"","localidade":"","telefone":"","telemovel":"","email":"secretaria@cercig.org.pt","website":"","plataforma_de_reservas":"","coordenadas":{"address":"Cercig-Cooperativa De Educa\u00e7\u00e3o E Reabilita\u00e7\u00e3o De Cidad\u00e3os Inadaptados - Guarda Crl, Guarda, Portugal","lat":40.538348,"lng":-7.266130999999973},"latitude":"","longitude":"","logotipo_da_empresa":null,"galeria_de_fotografias":null,"facebook":"","twitter":"","linkedin":"","pinterest":"","instagram":"","youtube":"","horarios":"","periodo_de_ferias":"","outras_informacoes":"","caracteristicas_do_espaco":"","capacidade":"","preco_medio_por_refeicao":"","tipos_de_cozinha":"","ementa":"","n_de_quartos":"","preco_medio_por_noite":"","check_in":"","check_out":"","reservar_no_booking":"","produtos":null,"produto_lider":"nao","identificacao_do_produto_lider":null,"paises_de_exportacao":"","data_de_constituicao_da_empresa":null,"cae":"","setor_de_atividade":"","sub_setor_de_atividade":"","rnal":"","numero_de_contribuinte":"","numero_de_seguranca_social":"","forma_juridica":false,"numero_de_trabalhadores":"","responsavel":"","contacto_telefonico":"","capital_social":"","volume_de_vendas":"","mercados_onde_exerce_atividades":[],"tipo_de_clientes":[]},"jetpack_featured_media_url":"https:\/\/beira.pt\/diretorio\/wp-content\/uploads\/sites\/14\/2014\/07\/hipoterapia.jpg","_links":{"self":[{"href":"https:\/\/beira.pt\/diretorio\/wp-json\/wp\/v2\/posts\/101578","targetHints":{"allow":["GET"]}}],"collection":[{"href":"https:\/\/beira.pt\/diretorio\/wp-json\/wp\/v2\/posts"}],"about":[{"href":"https:\/\/beira.pt\/diretorio\/wp-json\/wp\/v2\/types\/post"}],"author":[{"embeddable":true,"href":"https:\/\/beira.pt\/diretorio\/wp-json\/wp\/v2\/users\/6"}],"replies":[{"embeddable":true,"href":"https:\/\/beira.pt\/diretorio\/wp-json\/wp\/v2\/comments?post=101578"}],"version-history":[{"count":0,"href":"https:\/\/beira.pt\/diretorio\/wp-json\/wp\/v2\/posts\/101578\/revisions"}],"wp:featuredmedia":[{"embeddable":true,"href":"https:\/\/beira.pt\/diretorio\/wp-json\/wp\/v2\/media\/101580"}],"wp:attachment":[{"href":"https:\/\/beira.pt\/diretorio\/wp-json\/wp\/v2\/media?parent=101578"}],"wp:term":[{"taxonomy":"category","embeddable":true,"href":"https:\/\/beira.pt\/diretorio\/wp-json\/wp\/v2\/categories?post=101578"},{"taxonomy":"post_tag","embeddable":true,"href":"https:\/\/beira.pt\/diretorio\/wp-json\/wp\/v2\/tags?post=101578"},{"taxonomy":"concelhos","embeddable":true,"href":"https:\/\/beira.pt\/diretorio\/wp-json\/wp\/v2\/concelhos?post=101578"}],"curies":[{"name":"wp","href":"https:\/\/api.w.org\/{rel}","templated":true}]}}